{"id":6227,"date":"2024-04-30T19:09:41","date_gmt":"2024-04-30T22:09:41","guid":{"rendered":"https:\/\/www.noticiasmas.com.ar\/?p=6227"},"modified":"2024-04-30T19:09:41","modified_gmt":"2024-04-30T22:09:41","slug":"municipio-y-provincia-detectan-excesos-en-el-pesaje-de-camiones-de-carga","status":"publish","type":"post","link":"https:\/\/www.noticiasmas.com.ar\/index.php\/2024\/04\/30\/municipio-y-provincia-detectan-excesos-en-el-pesaje-de-camiones-de-carga\/","title":{"rendered":"Municipio y Provincia detectan excesos en el pesaje de camiones de carga"},"content":{"rendered":"\n<p>La municipalidad de Granadero Baigorria, con colaboraci\u00f3n del gobierno provincial, realiza controles de pesajes de camiones en zonas urbanas de circulaci\u00f3n permitida. Se detectaron infracciones por exceso de peso y se labraron las actas correspondientes.<\/p>\n\n\n\n<p>Este martes por la ma\u00f1ana, personal de la Tr\u00e1nsito Municipal, asistidos por un equipo de la Direcci\u00f3n de Vialidad Provincial, realiz\u00f3 controles sobre camiones en calle Los Pl\u00e1tanos al 400. En el lugar se labraron actas de infracci\u00f3n sobre tres veh\u00edculos, en todos casos al ser encontrados con mayor peso de carga que el permitido.<\/p>\n\n\n\n<p>\u201cLo que hace el Municipio es controlar el peso de las cargas para que \u00e9stas no est\u00e9n por encima de las permitidas. El m\u00e1ximo de carga est\u00e1 estipulado para que el paso de los camiones no genere problemas a los vecinos, que pueden ser afectados por la vibraci\u00f3n en la zona o, lo m\u00e1s evidente, por la rotura del pavimento\u201d, explic\u00f3 Osvaldo Aymo, secretario de Gobierno local.<\/p>\n\n\n\n<p>Este tipo de controles se van a seguir realizando de manera peri\u00f3dica con el fin de garantizar la tranquilidad de los vecinos y vecinas de las posibles zonas afectadas.<\/p>\n","protected":false},"excerpt":{"rendered":"<p>La municipalidad de Granadero Baigorria, con colaboraci\u00f3n del gobierno provincial, realiza controles de pesajes de camiones en zonas urbanas de circulaci\u00f3n permitida. Se detectaron infracciones por exceso de peso y se labraron las actas correspondientes. Este martes por la ma\u00f1ana, personal de la Tr\u00e1nsito Municipal, asistidos por un equipo de la Direcci\u00f3n de Vialidad Provincial, [&hellip;]<\/p>\n","protected":false},"author":5,"featured_media":6228,"comment_status":"closed","ping_status":"open","sticky":false,"template":"","format":"standard","meta":{"tdm_status":"","tdm_grid_status":"","footnotes":""},"categories":[13],"tags":[1032,2185,246],"class_list":{"0":"post-6227","1":"post","2":"type-post","3":"status-publish","4":"format-standard","5":"has-post-thumbnail","7":"category-region","8":"tag-camiones","9":"tag-controles-de-peso","10":"tag-granadero-baigorria"},"_links":{"self":[{"href":"https:\/\/www.noticiasmas.com.ar\/index.php\/wp-json\/wp\/v2\/posts\/6227","targetHints":{"allow":["GET"]}}],"collection":[{"href":"https:\/\/www.noticiasmas.com.ar\/index.php\/wp-json\/wp\/v2\/posts"}],"about":[{"href":"https:\/\/www.noticiasmas.com.ar\/index.php\/wp-json\/wp\/v2\/types\/post"}],"author":[{"embeddable":true,"href":"https:\/\/www.noticiasmas.com.ar\/index.php\/wp-json\/wp\/v2\/users\/5"}],"replies":[{"embeddable":true,"href":"https:\/\/www.noticiasmas.com.ar\/index.php\/wp-json\/wp\/v2\/comments?post=6227"}],"version-history":[{"count":1,"href":"https:\/\/www.noticiasmas.com.ar\/index.php\/wp-json\/wp\/v2\/posts\/6227\/revisions"}],"predecessor-version":[{"id":6229,"href":"https:\/\/www.noticiasmas.com.ar\/index.php\/wp-json\/wp\/v2\/posts\/6227\/revisions\/6229"}],"wp:featuredmedia":[{"embeddable":true,"href":"https:\/\/www.noticiasmas.com.ar\/index.php\/wp-json\/wp\/v2\/media\/6228"}],"wp:attachment":[{"href":"https:\/\/www.noticiasmas.com.ar\/index.php\/wp-json\/wp\/v2\/media?parent=6227"}],"wp:term":[{"taxonomy":"category","embeddable":true,"href":"https:\/\/www.noticiasmas.com.ar\/index.php\/wp-json\/wp\/v2\/categories?post=6227"},{"taxonomy":"post_tag","embeddable":true,"href":"https:\/\/www.noticiasmas.com.ar\/index.php\/wp-json\/wp\/v2\/tags?post=6227"}],"curies":[{"name":"wp","href":"https:\/\/api.w.org\/{rel}","templated":true}]}}