{"id":6236,"date":"2024-05-02T19:10:16","date_gmt":"2024-05-02T22:10:16","guid":{"rendered":"https:\/\/www.noticiasmas.com.ar\/?p=6236"},"modified":"2024-05-02T19:10:17","modified_gmt":"2024-05-02T22:10:17","slug":"en-mas-de-40-allanamientos-pdi-detuvo-a-7-personas-vinculadas-a-una-banda-de-esteban-alvarado","status":"publish","type":"post","link":"https:\/\/www.noticiasmas.com.ar\/index.php\/2024\/05\/02\/en-mas-de-40-allanamientos-pdi-detuvo-a-7-personas-vinculadas-a-una-banda-de-esteban-alvarado\/","title":{"rendered":"En m\u00e1s de 40 allanamientos, PDI detuvo a 7 personas vinculadas a una banda de Esteban Alvarado"},"content":{"rendered":"\n<p>Los procedimientos se realizaron en Rosario y localidades de la regi\u00f3n, mientras que otras medidas se llevaron adelante en la ciudad de C\u00f3rdoba. La causa investiga a una asociaci\u00f3n il\u00edcita liderada por el capo narco que cumple condena en la prisi\u00f3n federal de Ezeiza.<\/p>\n\n\n\n<p>La Polic\u00eda de Investigaciones (PDI), fuerza dependiente del Ministerio de Justicia y Seguridad de la provincia de Santa Fe, realiz\u00f3 este jueves 39 allanamientos en la ciudad de Rosario y en localidades de la regi\u00f3n, en el marco de una causa por asociaci\u00f3n il\u00edcita y lavado de activos. Adem\u00e1s se llevaron a cabo otros cuatro procedimientos en C\u00f3rdoba capital. Las medidas fueron ordenadas por los fiscales Marisol Fabbro y Miguel Moreno, del MPA de Rosario.<br>Los agentes de la PDI, en conjunto con grupos de irrupci\u00f3n de la Polic\u00eda de Santa Fe, detuvieron a siete personas: cinco investigados en la causa y los dos restantes por el delito de tenencia ilegal de arma de fuego. Asimismo procedieron al secuestro de 6.077.000 pesos; 139.200 d\u00f3lares; 40 equipos de telefon\u00eda celular; dos autos, un utilitario y dos motos; cuatro armas de fuego, una pistola de r\u00e9plica, un rifle de aire comprimido y municiones de distintos calibres.<br>\u201cDentro del plan de seguridad dise\u00f1ado por el gobernador Maximiliano Pullaro, ejecutado a trav\u00e9s del ministerio que conduce Pablo Cococcioni, no solamente se trabaja en la prevenci\u00f3n y en el incremento de la presencia policial en calle, sino tambi\u00e9n en las investigaciones por delitos complejos por intermedio de la PDI y del Ministerio P\u00fablico de la Acusaci\u00f3n. En este caso se trata de una causa por lavado de activos y asociaci\u00f3n il\u00edcita liderada por Esteban Lindor Alvarado\u201d, apunt\u00f3 Marcelo Albornoz, subsecretario de Investigaci\u00f3n Criminal del Ministerio de Justicia y Seguridad provincial.<\/p>\n\n\n\n<figure class=\"wp-block-image size-large\"><img loading=\"lazy\" decoding=\"async\" width=\"1024\" height=\"782\" src=\"https:\/\/www.noticiasmas.com.ar\/wp-content\/uploads\/2024\/05\/clan-alv-allana-1024x782.jpg\" alt=\"\" class=\"wp-image-6237\" srcset=\"https:\/\/www.noticiasmas.com.ar\/wp-content\/uploads\/2024\/05\/clan-alv-allana-1024x782.jpg 1024w, https:\/\/www.noticiasmas.com.ar\/wp-content\/uploads\/2024\/05\/clan-alv-allana-300x229.jpg 300w, https:\/\/www.noticiasmas.com.ar\/wp-content\/uploads\/2024\/05\/clan-alv-allana-768x586.jpg 768w, https:\/\/www.noticiasmas.com.ar\/wp-content\/uploads\/2024\/05\/clan-alv-allana-150x115.jpg 150w, https:\/\/www.noticiasmas.com.ar\/wp-content\/uploads\/2024\/05\/clan-alv-allana-696x531.jpg 696w, https:\/\/www.noticiasmas.com.ar\/wp-content\/uploads\/2024\/05\/clan-alv-allana-1068x815.jpg 1068w, https:\/\/www.noticiasmas.com.ar\/wp-content\/uploads\/2024\/05\/clan-alv-allana.jpg 1200w\" sizes=\"auto, (max-width: 1024px) 100vw, 1024px\" \/><\/figure>\n\n\n\n<p><br>\u201cSe trata de una investigaci\u00f3n que venimos realizando desde hace varios meses, en un trabajo silencioso y coordinado entre las direcciones de Inteligencia y Operativa de la Polic\u00eda de Investigaciones con la fiscal Fabbro. Tambi\u00e9n trabajamos en conjunto con la Polic\u00eda de C\u00f3rdoba en cuatro allanamientos, en los cuales secuestramos material de suma importancia para esta causa\u201d, indic\u00f3 Natalio Marciani, director provincial de la PDI.<br>Los procedimientos se realizaron en domicilios de Biedma al 2700 y 3600, Moreno al 3500, Juan B. Justo al 7700, Fournier al 1100, Forest al 5800, Guatemala al 2200, Camino Viejo a Soldini al 3900, Barra al 2300, Liniers al 1800, Juan de Garay al 6200, Per\u00fa al 2300, Lamadrid al 2200, Reconquista al 2100, Mendoza al 7200, White al 7300, Brasil al 1500, Jacobacci y Ramos, Bv. Segu\u00ed al 2900, Virasoro al 3600, Av. Carballo al 200, Moreno al 3500, Ituzaing\u00f3 al 6800, 27 de Febrero al 100bis, Bolivia y Viamonte, G\u00e1lvez al 6100, 6300 y 6700, Pasaje Colibr\u00ed al 100bis, y Bolivia al 2300, todos de Rosario.<br>Tambi\u00e9n se llevaron a cabo allanamientos en Santa Cruz al 500 de Capit\u00e1n Berm\u00fadez, Dante Alighieri al 2500 y Namuncur\u00e1 al 500 de Granadero Baigorria, Chavarini al 700 de P\u00e9rez, Santa Clara al 100 de Rold\u00e1n, y Suiza al 500 de San Lorenzo. La audiencia imputativa ser\u00e1 llevada adelante en principio la pr\u00f3xima semana en el Centro de Justicia Penal de Rosario, con fecha y horario a confirmar.<br>\u201cEn primera instancia, lo que se puede decir sobre la metodolog\u00eda de esta banda de Alvarado es que recib\u00edan autos provenientes de il\u00edcitos y a trav\u00e9s de documentaci\u00f3n ap\u00f3crifa lo met\u00edan en el mercado legal. Hay galpones y cocheras allanadas. Como quien dice en la jerga policial, se \u201cenfriaban\u201d hasta que nadie supiera de los veh\u00edculos. Una vez realizada la documentaci\u00f3n correspondiente, se introduc\u00edan en el mercado\u201d, explic\u00f3 Marciani.<\/p>\n","protected":false},"excerpt":{"rendered":"<p>Los procedimientos se realizaron en Rosario y localidades de la regi\u00f3n, mientras que otras medidas se llevaron adelante en la ciudad de C\u00f3rdoba. La causa investiga a una asociaci\u00f3n il\u00edcita liderada por el capo narco que cumple condena en la prisi\u00f3n federal de Ezeiza. La Polic\u00eda de Investigaciones (PDI), fuerza dependiente del Ministerio de Justicia [&hellip;]<\/p>\n","protected":false},"author":5,"featured_media":6238,"comment_status":"closed","ping_status":"open","sticky":false,"template":"","format":"standard","meta":{"tdm_status":"","tdm_grid_status":"","footnotes":""},"categories":[9],"tags":[96,347,163],"class_list":{"0":"post-6236","1":"post","2":"type-post","3":"status-publish","4":"format-standard","5":"has-post-thumbnail","7":"category-policiales","8":"tag-allanamientos","9":"tag-region","10":"tag-rosario"},"_links":{"self":[{"href":"https:\/\/www.noticiasmas.com.ar\/index.php\/wp-json\/wp\/v2\/posts\/6236","targetHints":{"allow":["GET"]}}],"collection":[{"href":"https:\/\/www.noticiasmas.com.ar\/index.php\/wp-json\/wp\/v2\/posts"}],"about":[{"href":"https:\/\/www.noticiasmas.com.ar\/index.php\/wp-json\/wp\/v2\/types\/post"}],"author":[{"embeddable":true,"href":"https:\/\/www.noticiasmas.com.ar\/index.php\/wp-json\/wp\/v2\/users\/5"}],"replies":[{"embeddable":true,"href":"https:\/\/www.noticiasmas.com.ar\/index.php\/wp-json\/wp\/v2\/comments?post=6236"}],"version-history":[{"count":1,"href":"https:\/\/www.noticiasmas.com.ar\/index.php\/wp-json\/wp\/v2\/posts\/6236\/revisions"}],"predecessor-version":[{"id":6239,"href":"https:\/\/www.noticiasmas.com.ar\/index.php\/wp-json\/wp\/v2\/posts\/6236\/revisions\/6239"}],"wp:featuredmedia":[{"embeddable":true,"href":"https:\/\/www.noticiasmas.com.ar\/index.php\/wp-json\/wp\/v2\/media\/6238"}],"wp:attachment":[{"href":"https:\/\/www.noticiasmas.com.ar\/index.php\/wp-json\/wp\/v2\/media?parent=6236"}],"wp:term":[{"taxonomy":"category","embeddable":true,"href":"https:\/\/www.noticiasmas.com.ar\/index.php\/wp-json\/wp\/v2\/categories?post=6236"},{"taxonomy":"post_tag","embeddable":true,"href":"https:\/\/www.noticiasmas.com.ar\/index.php\/wp-json\/wp\/v2\/tags?post=6236"}],"curies":[{"name":"wp","href":"https:\/\/api.w.org\/{rel}","templated":true}]}}