{"id":6291,"date":"2024-05-03T21:06:53","date_gmt":"2024-05-04T00:06:53","guid":{"rendered":"https:\/\/www.noticiasmas.com.ar\/?p=6291"},"modified":"2024-05-03T21:06:54","modified_gmt":"2024-05-04T00:06:54","slug":"paritaria-docente-amsafe-y-sadop-rechazaron-la-oferta-salarial-y-haran-un-paro-de-48-horas","status":"publish","type":"post","link":"https:\/\/www.noticiasmas.com.ar\/index.php\/2024\/05\/03\/paritaria-docente-amsafe-y-sadop-rechazaron-la-oferta-salarial-y-haran-un-paro-de-48-horas\/","title":{"rendered":"Paritaria docente: Amsaf\u00e9 y Sadop rechazaron la oferta salarial y har\u00e1n un paro de 48 horas"},"content":{"rendered":"\n<p>No habr\u00e1 clases en las escuelas santafesinas mi\u00e9rcoles 8 y jueves 9. El gobierno provincial hab\u00eda pedido a los docentes &#8220;reflexi\u00f3n&#8221; y que los chicos &#8220;estuvieran en las aulas&#8221;.<\/p>\n\n\n\n<p>Los docentes de escuelas santafesinas van al paro. La\u00a0<strong>asamblea<\/strong>\u00a0realizada este viernes por\u00a0<strong>Amsaf\u00e9\u00a0<\/strong>en la capital provincial\u00a0<strong>rechaz\u00f3 la oferta salarial\u00a0<\/strong>del gobierno provincial de un\u00a0<strong>5% para abril y otra cifra similar para mayo.<\/strong>\u00a0En ese marco, lanz\u00f3 una\u00a0<strong><a href=\"https:\/\/www.lacapital.com.ar\/la-ciudad\/docentes-publicos-y-privados-definieron-un-doble-paro-48-horas-n10123796.html\" target=\"_blank\" rel=\"noreferrer noopener\">medida de fuerza<\/a><\/strong>\u00a0de\u00a0<strong>48 horas<\/strong>\u00a0para el\u00a0<strong>mi\u00e9rcoles 8 y jueves 9 de mayo<\/strong>. El secretario general de\u00a0<strong>Amsaf\u00e9\u00a0<\/strong>provincial, Rodrigo Alonso, destac\u00f3 que la votaci\u00f3n fue de\u00a0<strong>27.8970 votos de rechazo a la oferta y solo 861 por la aceptaci\u00f3n.\u00a0Id\u00e9ntica decisi\u00f3n tom\u00f3 Sadop, cuyos delegados -en un 90 por ciento- definieron el rechazo y la medida de fuerza.<\/strong><\/p>\n\n\n\n<p>El gobierno provincial hab\u00eda pedido &#8220;reflexi\u00f3n&#8221; al sector docente y hab\u00eda remarcado que lo m\u00e1s importante es que los chicos est\u00e9n en las aulas.\u00a0<strong>\u201cTransmitimos a los gremios una oferta que va en funci\u00f3n de la evoluci\u00f3n de los recursos. Es la oferta que puede hacer un gobierno que cerr\u00f3 el mes de marzo con d\u00e9ficit por ca\u00edda en la recaudaci\u00f3n\u201d,\u00a0<\/strong>advirti\u00f3 el\u00a0<strong>ministro de Econom\u00eda santafesino Pablo Olivares,<\/strong>\u00a0quien particip\u00f3 de la paritaria con los gremios docentes.<\/p>\n\n\n\n<p>La reuni\u00f3n paritaria entre el gobierno provincial y los docentes se concret\u00f3 el lunes pasado. En la reuni\u00f3n, el gobierno provincial propuso un aumento bimestral del 10% (5 % en abril y 5 % en mayo). Para el\u00a0<strong>ministro de Educaci\u00f3n\u00a0<\/strong>de la provincia,<strong>\u00a0Jos\u00e9 Goity<\/strong>, el ofrecimiento constituye\u00a0<strong>&#8220;el m\u00e1ximo esfuerzo&#8221; que puede hacer en estos momentos el gobierno provincial a los docentes santafesinos,<\/strong>\u00a0despu\u00e9s de una recaudaci\u00f3n de marzo que fue menor a la esperada.<\/p>\n\n\n\n<h2 class=\"wp-block-heading\">Las voces de los gremios<\/h2>\n\n\n\n<p>Al conocerse la oferta salarial, el titular de Amsaf\u00e9 provincial, Rodrigo Alonso, hab\u00eda considerado que el porcentaje de aumento salarial no resultaba proporcional a la inflaci\u00f3n registrada en los primeros meses del a\u00f1o.\u00a0<strong>&#8220;La propuesta, indudablemente, es insuficiente&#8221;, declar\u00f3 el dirigente gremial.<\/strong><\/p>\n\n\n\n<p>En tanto, el titular del Sadop, el gremio de los docentes privados-. Mart\u00edn Lucero, evalu\u00f3 en su momento que se trataba de &#8220;<strong>una oferta muy baja, miserable<\/strong>, con descuentos si se declara un plan de lucha<strong>. La situaci\u00f3n de los y las docentes es cada vez peor<\/strong>\u201d, y explic\u00f3 que \u201cel congelamiento salarial, los rumores de reforma de la Caja de Jubilaciones, la instalaci\u00f3n del presentismo, la&nbsp;<strong>amenaza de descuentos por d\u00edas de paro&nbsp;<\/strong>y lo magro del aumento son condiciones determinantes para que la propuesta sea considerada mala\u201d.<\/p>\n\n\n\n<h2 class=\"wp-block-heading\">Los n\u00fameros de la provincia en la paritaria<\/h2>\n\n\n\n<p>El gobierno provincial hizo sus propias cuentas: plante\u00f3 que<strong>&nbsp;el aumento propuesto es, en realidad, del 15% respecto del salario de diciembre a pagar 7,7% en abril y 7,7% en mayo.&nbsp;<\/strong>Y anticip\u00f3 que se har\u00e1 un&nbsp;<strong>reclamo judicial para que Naci\u00f3n vuelva a enviar el Fondo Nacional de Incentivo Docente (Fonid).<\/strong><\/p>\n\n\n\n<p><strong>Este nuevo paro docente llega tras una breve tregua entre las partes.<\/strong><\/p>\n\n\n\n<p><strong>El \u00faltimo paro docente se hab\u00eda registrado a mediados de marzo, cuando los gremios rechazaron la propuesta de aumento salarial del 9%. Fueron dos paros por 48 horas que abarcaron los d\u00edas 19, 20, 26 y 27 de marzo .<\/strong><\/p>\n\n\n\n<p><strong>Posteriormente, los y las maestras santafesinas aceptaron la oferta de suba salarial del 18% para abril sobre el sueldo de diciembre, que se cobr\u00f3 por planilla complementaria ese mes.<\/strong><\/p>\n\n\n\n<p>Fuente: Diario La Capital<\/p>\n","protected":false},"excerpt":{"rendered":"<p>No habr\u00e1 clases en las escuelas santafesinas mi\u00e9rcoles 8 y jueves 9. El gobierno provincial hab\u00eda pedido a los docentes &#8220;reflexi\u00f3n&#8221; y que los chicos &#8220;estuvieran en las aulas&#8221;. Los docentes de escuelas santafesinas van al paro. La\u00a0asamblea\u00a0realizada este viernes por\u00a0Amsaf\u00e9\u00a0en la capital provincial\u00a0rechaz\u00f3 la oferta salarial\u00a0del gobierno provincial de un\u00a05% para abril y otra [&hellip;]<\/p>\n","protected":false},"author":5,"featured_media":6292,"comment_status":"closed","ping_status":"open","sticky":false,"template":"","format":"standard","meta":{"tdm_status":"","tdm_grid_status":"","footnotes":""},"categories":[14],"tags":[926,2203,18],"class_list":{"0":"post-6291","1":"post","2":"type-post","3":"status-publish","4":"format-standard","5":"has-post-thumbnail","7":"category-provinciales","8":"tag-paritaria-docente","9":"tag-paro-8-y-9-m","10":"tag-santa-fe"},"_links":{"self":[{"href":"https:\/\/www.noticiasmas.com.ar\/index.php\/wp-json\/wp\/v2\/posts\/6291","targetHints":{"allow":["GET"]}}],"collection":[{"href":"https:\/\/www.noticiasmas.com.ar\/index.php\/wp-json\/wp\/v2\/posts"}],"about":[{"href":"https:\/\/www.noticiasmas.com.ar\/index.php\/wp-json\/wp\/v2\/types\/post"}],"author":[{"embeddable":true,"href":"https:\/\/www.noticiasmas.com.ar\/index.php\/wp-json\/wp\/v2\/users\/5"}],"replies":[{"embeddable":true,"href":"https:\/\/www.noticiasmas.com.ar\/index.php\/wp-json\/wp\/v2\/comments?post=6291"}],"version-history":[{"count":1,"href":"https:\/\/www.noticiasmas.com.ar\/index.php\/wp-json\/wp\/v2\/posts\/6291\/revisions"}],"predecessor-version":[{"id":6293,"href":"https:\/\/www.noticiasmas.com.ar\/index.php\/wp-json\/wp\/v2\/posts\/6291\/revisions\/6293"}],"wp:featuredmedia":[{"embeddable":true,"href":"https:\/\/www.noticiasmas.com.ar\/index.php\/wp-json\/wp\/v2\/media\/6292"}],"wp:attachment":[{"href":"https:\/\/www.noticiasmas.com.ar\/index.php\/wp-json\/wp\/v2\/media?parent=6291"}],"wp:term":[{"taxonomy":"category","embeddable":true,"href":"https:\/\/www.noticiasmas.com.ar\/index.php\/wp-json\/wp\/v2\/categories?post=6291"},{"taxonomy":"post_tag","embeddable":true,"href":"https:\/\/www.noticiasmas.com.ar\/index.php\/wp-json\/wp\/v2\/tags?post=6291"}],"curies":[{"name":"wp","href":"https:\/\/api.w.org\/{rel}","templated":true}]}}