{"id":6340,"date":"2024-05-06T20:23:12","date_gmt":"2024-05-06T23:23:12","guid":{"rendered":"https:\/\/www.noticiasmas.com.ar\/?p=6340"},"modified":"2024-05-06T20:23:12","modified_gmt":"2024-05-06T23:23:12","slug":"aceiteros-realizaron-asambleas-este-lunes-para-preparar-el-paro-general-del-9-de-mayo","status":"publish","type":"post","link":"https:\/\/www.noticiasmas.com.ar\/index.php\/2024\/05\/06\/aceiteros-realizaron-asambleas-este-lunes-para-preparar-el-paro-general-del-9-de-mayo\/","title":{"rendered":"ACEITEROS REALIZARON ASAMBLEAS ESTE LUNES PARA PREPARAR EL PARO GENERAL DEL 9 DE MAYO"},"content":{"rendered":"\n<p>A una semana de la Huelga Nacional aceitera y desmotadora de acatamiento contundente, realizada por la FTCIODyARA en conjunto con el SOEA San Lorenzo, donde se expres\u00f3 el rechazo a la regresiva Reforma Laboral de la Ley Bases que vot\u00f3 la C\u00e1mara de Diputados, este lunes durante la ma\u00f1ana se realiz\u00f3 una asamblea de trabajadoras y trabajadores aceiteros con la presencia de Daniel Yofra, Secretario General de nuestra Federaci\u00f3n, en solidaridad con la Confederaci\u00f3n Argentina de Trabajadores del Transporte (CATT). La asamblea, que reuni\u00f3 a representantes de distintas plantas, se hizo en la puerta de Dreyfus, en General Lagos, cord\u00f3n industrial de Rosario.<\/p>\n\n\n\n<p>Desde la Federaci\u00f3n de Trabajadores del Complejo Industrial Oleaginoso, Desmotadores de Algod\u00f3n y Afines de la Rep\u00fablica Argentina (FTCIODyARA) se\u00f1alamos asimismo que \u201cel paquete fiscal presentado junto al proyecto de Ley Bases, que ahora deben tratar el Senado, es tan profundamente regresivo que baja el impuesto a los Bienes Personales, que pagan las 120 mil personas m\u00e1s ricas del pa\u00eds, y reinstala la cuarta categor\u00eda del Impuesto a las Ganancias, que impacta sobre los salarios de 1,1 mill\u00f3n de trabajadoras y trabajadores. De esta manera, el gobierno de Javier Milei junto a las y los legisladores que lo votaron en el Congreso profundizan la desigualdad que ya ven\u00edamos sufriendo\u201d, se\u00f1al\u00f3 en un comunicado la Federaci\u00f3n Nacional Aceitera<\/p>\n\n\n\n<p>\u201cUna de las cosas que planteamos \u2013 continuaron los aceiteros &#8211; en asamblea es c\u00f3mo vamos al Paro General del 9 de mayo para denunciar -una vez m\u00e1s- que este gobierno nacional y todos los que lo acompa\u00f1an est\u00e1n gobernando para las personas m\u00e1s ricas y castigando a quienes tenemos trabajos formales, a quienes trabajan en la informalidad, a quienes lograron poner de pie cooperativas de trabajo, a los jubilados y jubiladas\u201d.<\/p>\n\n\n\n<p>Y, porque gobiernan en favor de esa minor\u00eda privilegiada que no trabaja, votaron un proyecto de ley que quita derechos laborales:<\/p>\n\n\n\n<ul class=\"wp-block-list\">\n<li>Promueve la tercerizaci\u00f3n laboral.<\/li>\n\n\n\n<li>Permite que las embarazadas trabajen hasta 10 d\u00edas antes del parto.<\/li>\n\n\n\n<li>Permite pagar por un delito como es habilitar el despido por discriminaci\u00f3n a cambio de una multa.<\/li>\n\n\n\n<li>Ataca a las y los jubilados presentes y futuros.<\/li>\n\n\n\n<li>Habilita las privatizaciones de empresas estatales estrat\u00e9gicas y la entrega de los recursos naturales.<\/li>\n\n\n\n<li>Legaliza un blanqueo de capitales que s\u00f3lo favorece el lavado de dinero proveniente de negocios ilegales. <code>\u201cNuestra Federaci\u00f3n tiene una larga historia de lucha por la eliminaci\u00f3n de la tercerizaci\u00f3n y el sistema de contratistas, cuyo principal objetivo es mantener en la incertidumbre al trabajador y mantener al colectivo dividido con obreros de primera y de segunda. Y cuya inmediata consecuencia es la multiplicaci\u00f3n de siniestros laborales. Porque el contratado, que teme la no renovaci\u00f3n de su contrato temporal, no se niega a ninguna tarea por riesgosa que sea y as\u00ed pierde su integridad y a veces, su vida. Por eso la FTCIODyARA, al erradicar la tercerizaci\u00f3n de nuestras plantas, ha mejorado la salud, la seguridad y las condiciones laborales de las y los trabajadores\u201d, agreg\u00f3 la entidad gremial en su comunicado<\/code><\/li>\n<\/ul>\n\n\n\n<p>En tanto, \u201cLes decimos a las y los diputados y a las y los senadores: si quieren modernizar la legislaci\u00f3n laboral tomen los mejores ejemplos del mundo y de nuestra propia historia\u201d. Modernizar es:<\/p>\n\n\n\n<ul class=\"wp-block-list\">\n<li>Reducir la jornada laboral.<\/li>\n\n\n\n<li>Mejorar la seguridad en los puestos de trabajo.<\/li>\n\n\n\n<li>Reducir las enfermedades laborales.<\/li>\n\n\n\n<li>Mejorar la salud en los lugares de trabajo.<\/li>\n<\/ul>\n\n\n\n<p>\u201cLas empresas no contratan m\u00e1s personal por la legislaci\u00f3n que rige, contratan m\u00e1s personal en relaci\u00f3n a las condiciones econ\u00f3micas del pa\u00eds. Hemos tenido muchos a\u00f1os la misma legislaci\u00f3n y la desocupaci\u00f3n ha crecido y decrecido a caballo de las crisis econ\u00f3micas y de los tiempos de bonanza del pa\u00eds. Pero este gobierno, que lleva apenas cinco meses, s\u00f3lo gener\u00f3 penurias para las mayor\u00edas: los salarios cayeron por debajo del valor que ten\u00edan en 2002, los precios aumentaron s\u00f3lo para garantizar una transferencia de recursos monumental desde la poblaci\u00f3n a las empresas y la producci\u00f3n cay\u00f3 en picada\u201d, prosiguieron los aceiteros<\/p>\n\n\n\n<p>Por todo esto, \u201cestamos preparando el Paro General del 9 de mayo para pedirle a nuestras y nuestros legisladores que piensen en su pueblo y act\u00faen en consecuencia\u201d, complet\u00f3 la Federaci\u00f3n Nacional Aceitera.<\/p>\n","protected":false},"excerpt":{"rendered":"<p>A una semana de la Huelga Nacional aceitera y desmotadora de acatamiento contundente, realizada por la FTCIODyARA en conjunto con el SOEA San Lorenzo, donde se expres\u00f3 el rechazo a la regresiva Reforma Laboral de la Ley Bases que vot\u00f3 la C\u00e1mara de Diputados, este lunes durante la ma\u00f1ana se realiz\u00f3 una asamblea de trabajadoras [&hellip;]<\/p>\n","protected":false},"author":5,"featured_media":6341,"comment_status":"closed","ping_status":"open","sticky":false,"template":"","format":"standard","meta":{"tdm_status":"","tdm_grid_status":"","footnotes":""},"categories":[13],"tags":[254,2214,2215,54],"class_list":{"0":"post-6340","1":"post","2":"type-post","3":"status-publish","4":"format-standard","5":"has-post-thumbnail","7":"category-region","8":"tag-aceiteros","9":"tag-catt","10":"tag-paro-9m","11":"tag-soea"},"_links":{"self":[{"href":"https:\/\/www.noticiasmas.com.ar\/index.php\/wp-json\/wp\/v2\/posts\/6340","targetHints":{"allow":["GET"]}}],"collection":[{"href":"https:\/\/www.noticiasmas.com.ar\/index.php\/wp-json\/wp\/v2\/posts"}],"about":[{"href":"https:\/\/www.noticiasmas.com.ar\/index.php\/wp-json\/wp\/v2\/types\/post"}],"author":[{"embeddable":true,"href":"https:\/\/www.noticiasmas.com.ar\/index.php\/wp-json\/wp\/v2\/users\/5"}],"replies":[{"embeddable":true,"href":"https:\/\/www.noticiasmas.com.ar\/index.php\/wp-json\/wp\/v2\/comments?post=6340"}],"version-history":[{"count":1,"href":"https:\/\/www.noticiasmas.com.ar\/index.php\/wp-json\/wp\/v2\/posts\/6340\/revisions"}],"predecessor-version":[{"id":6342,"href":"https:\/\/www.noticiasmas.com.ar\/index.php\/wp-json\/wp\/v2\/posts\/6340\/revisions\/6342"}],"wp:featuredmedia":[{"embeddable":true,"href":"https:\/\/www.noticiasmas.com.ar\/index.php\/wp-json\/wp\/v2\/media\/6341"}],"wp:attachment":[{"href":"https:\/\/www.noticiasmas.com.ar\/index.php\/wp-json\/wp\/v2\/media?parent=6340"}],"wp:term":[{"taxonomy":"category","embeddable":true,"href":"https:\/\/www.noticiasmas.com.ar\/index.php\/wp-json\/wp\/v2\/categories?post=6340"},{"taxonomy":"post_tag","embeddable":true,"href":"https:\/\/www.noticiasmas.com.ar\/index.php\/wp-json\/wp\/v2\/tags?post=6340"}],"curies":[{"name":"wp","href":"https:\/\/api.w.org\/{rel}","templated":true}]}}