{"id":6346,"date":"2024-05-06T20:46:32","date_gmt":"2024-05-06T23:46:32","guid":{"rendered":"https:\/\/www.noticiasmas.com.ar\/?p=6346"},"modified":"2024-05-06T20:46:33","modified_gmt":"2024-05-06T23:46:33","slug":"amsafe-cruzo-a-la-provincia-por-los-descuentos-de-dias-por-paro","status":"publish","type":"post","link":"https:\/\/www.noticiasmas.com.ar\/index.php\/2024\/05\/06\/amsafe-cruzo-a-la-provincia-por-los-descuentos-de-dias-por-paro\/","title":{"rendered":"Amsaf\u00e9 cruz\u00f3 a la provincia por los descuentos de d\u00edas por paro"},"content":{"rendered":"\n<p>El secretario General de Amsaf\u00e9, Rodrigo Alonso, ratific\u00f3 la huelga de 48 horas que se ejecutar\u00e1 mi\u00e9rcoles y jueves. &#8220;Los conflictos nunca se resuelven con las amenazas ni con extorsiones&#8221;, afirm\u00f3.<\/p>\n\n\n\n<p>El gremio de los docentes provinciales,<a href=\"https:\/\/www.lacapital.com.ar\/la-ciudad\/paritaria-docente-amsafe-y-sadop-rechazaron-la-oferta-salarial-y-haran-un-paro-48-horas-n10131742.html\" target=\"_blank\" rel=\"noreferrer noopener\">\u00a0<strong>Amsaf\u00e9<\/strong><\/a>,\u00a0<strong>sali\u00f3 a responderle al gobierno provincial tras confirmar, este lunes, el descuento del d\u00eda a los docentes que adhieran al paro\u00a0<\/strong>el pr\u00f3ximo 8 y 9 de mayo.<\/p>\n\n\n\n<p>&#8220;Estamos preocupados&#8221;, dijo al iniciar la conferencia de prensa el secretario General de Amsaf\u00e9, Rodrigo Alonso. &#8220;Creo que el gobierno no logra entender que<strong>\u00a0los conflictos nunca se resuelven con las amenazas, ni con extorsiones<\/strong>, como este caso&#8221;, afirm\u00f3<strong>.\u00a0<\/strong>Y agreg\u00f3: &#8220;Los conflictos se resuelven con una propuesta paritaria que tiene que ver con mejorar el salario y las condiciones de trabajo&#8221;.<\/p>\n\n\n\n<p><strong>El sindicalista ratific\u00f3 la medida de fuerza de 48 horas prevista para este mi\u00e9rcoles y jueves:<\/strong>&nbsp;&#8220;Nosotros no solamente rechazamos las amenazas y las extorsiones, sino que vamos a llevar adelante el paro el d\u00eda 8 y el d\u00eda 9<strong>. Es un paro que fue votado por m\u00e1s de 29.000 compa\u00f1eros, donde tambi\u00e9n hubo amenazas.&nbsp;<\/strong>As\u00ed y todo definimos rechazar la propuesta paritaria y llevar adelante este paro de actividades&#8221;.<\/p>\n\n\n\n<p>En ese sentido, explic\u00f3 que\u00a0<strong>la huelga contar\u00e1 con una movilizaci\u00f3n<\/strong>, y profundiz\u00f3: &#8220;Vamos\u00a0<strong>a concentrar a las 10 de la ma\u00f1ana del mi\u00e9rcoles frente al Ministerio de Educaci\u00f3n.<\/strong>\u00a0Vamos a exigir que se d\u00e9 marcha atr\u00e1s con este premio por asistencia perfecta, con esta extorsi\u00f3n y presentismo&#8221;.<\/p>\n\n\n\n<p>Y continu\u00f3: &#8220;Vamos a movilizarnos a Casa de Gobierno a\u00a0<strong>exigir un aumento salarial que vaya en l\u00ednea con la inflaci\u00f3n.<\/strong>\u00a0De ah\u00ed vamos a ir a la legislatura, donde tambi\u00e9n vamos a exigir que se d\u00e9 marcha atr\u00e1s con este intento de modificar el r\u00e9gimen jubilatorio que atenta contra los derechos que tenemos los trabajadores: plantea el aumento de la edad y de aportes. Nosotros estamos rechazando estos intentos de perjudicar a las trabajadoras y a los trabajadores&#8221;.<\/p>\n\n\n\n<h2 class=\"wp-block-heading\">El gobierno provincial, decidido a descontar los d\u00edas por el paro de 48 horas<\/h2>\n\n\n\n<p>El Gobierno de Santa Fe confirm\u00f3<strong>&nbsp;que descontar\u00e1 el d\u00eda a los trabajadores estatales, docentes y m\u00e9dicos que se adhieran al paro<\/strong>. La resoluci\u00f3n apunta a&nbsp;<strong>la medida de fuerza prevista para el mi\u00e9rcoles y no para el jueves<\/strong>, ya que consideran que el segundo d\u00eda corresponde a la adhesi\u00f3n al paro nacional.<\/p>\n\n\n\n<p>En tanto, desde el ministerio de Educaci\u00f3n trabajan tambi\u00e9n en un sistema para saber a ciencia cierta&nbsp;<strong>cu\u00e1ntos docentes adhieren de forma efectiva a la medida de fuerza lanzada por Amsafe.&nbsp;<\/strong>En concreto,<strong>&nbsp;lo que quiere aplicar el ministerio es un formulario de declaraci\u00f3n jurada para que los docentes puedan especificar si est\u00e1n de acuerdo o no<\/strong>&nbsp;con el paro y, en el caso de querer asistir a trabajar, puedan expresar su voluntad.<\/p>\n\n\n\n<p>El ministro de Educaci\u00f3n, Jos\u00e9 Goity, detall\u00f3 que han &#8220;implementado un mecanismo&#8221; que les permite tener la informaci\u00f3n para poder obrar con justicia, con fundamentos y de manera racional&#8221;. Y detall\u00f3: &#8220;Para eso hemos establecido\u00a0<strong>una declaraci\u00f3n jurada\u00a0<\/strong>para que el docente de fe de que prest\u00f3 servicio o que no lo hizo porque el establecimiento estaba cerrado, o si no le correspond\u00eda prestar servicio ese d\u00eda, todo esto se va a poder consignar\u201d.<\/p>\n\n\n\n<p><strong>Esta declaraci\u00f3n jurada va a estar disponible en Mi legajo,<\/strong>&nbsp;&#8220;que es donde entran para ver su recibo de sueldo, para pedir una licencia, o carga su declaraci\u00f3n jurada de familiar a cargo. O sea que es un mecanismo habitual y recurrente para los docentes\u201d, precis\u00f3 el ministro.<\/p>\n\n\n\n<p>En este sentido, remarc\u00f3 que \u201c<strong>m\u00e1s que un descuento es no pagar un d\u00eda no trabajado\u00a0<\/strong>y no lo podemos hacer de manera indiscriminada porque estar\u00edamos cometiendo injusticia y, justamente en el sistema educativo y en el Estado en general, lo \u00faltimo que tenemos que hacer es eso\u201d.<\/p>\n\n\n\n<p>Fuente: Diario La Capital<\/p>\n","protected":false},"excerpt":{"rendered":"<p>El secretario General de Amsaf\u00e9, Rodrigo Alonso, ratific\u00f3 la huelga de 48 horas que se ejecutar\u00e1 mi\u00e9rcoles y jueves. &#8220;Los conflictos nunca se resuelven con las amenazas ni con extorsiones&#8221;, afirm\u00f3. El gremio de los docentes provinciales,\u00a0Amsaf\u00e9,\u00a0sali\u00f3 a responderle al gobierno provincial tras confirmar, este lunes, el descuento del d\u00eda a los docentes que adhieran [&hellip;]<\/p>\n","protected":false},"author":5,"featured_media":6347,"comment_status":"closed","ping_status":"open","sticky":false,"template":"","format":"standard","meta":{"tdm_status":"","tdm_grid_status":"","footnotes":""},"categories":[13],"tags":[800,2215,163],"class_list":{"0":"post-6346","1":"post","2":"type-post","3":"status-publish","4":"format-standard","5":"has-post-thumbnail","7":"category-region","8":"tag-amsafe","9":"tag-paro-9m","10":"tag-rosario"},"_links":{"self":[{"href":"https:\/\/www.noticiasmas.com.ar\/index.php\/wp-json\/wp\/v2\/posts\/6346","targetHints":{"allow":["GET"]}}],"collection":[{"href":"https:\/\/www.noticiasmas.com.ar\/index.php\/wp-json\/wp\/v2\/posts"}],"about":[{"href":"https:\/\/www.noticiasmas.com.ar\/index.php\/wp-json\/wp\/v2\/types\/post"}],"author":[{"embeddable":true,"href":"https:\/\/www.noticiasmas.com.ar\/index.php\/wp-json\/wp\/v2\/users\/5"}],"replies":[{"embeddable":true,"href":"https:\/\/www.noticiasmas.com.ar\/index.php\/wp-json\/wp\/v2\/comments?post=6346"}],"version-history":[{"count":1,"href":"https:\/\/www.noticiasmas.com.ar\/index.php\/wp-json\/wp\/v2\/posts\/6346\/revisions"}],"predecessor-version":[{"id":6348,"href":"https:\/\/www.noticiasmas.com.ar\/index.php\/wp-json\/wp\/v2\/posts\/6346\/revisions\/6348"}],"wp:featuredmedia":[{"embeddable":true,"href":"https:\/\/www.noticiasmas.com.ar\/index.php\/wp-json\/wp\/v2\/media\/6347"}],"wp:attachment":[{"href":"https:\/\/www.noticiasmas.com.ar\/index.php\/wp-json\/wp\/v2\/media?parent=6346"}],"wp:term":[{"taxonomy":"category","embeddable":true,"href":"https:\/\/www.noticiasmas.com.ar\/index.php\/wp-json\/wp\/v2\/categories?post=6346"},{"taxonomy":"post_tag","embeddable":true,"href":"https:\/\/www.noticiasmas.com.ar\/index.php\/wp-json\/wp\/v2\/tags?post=6346"}],"curies":[{"name":"wp","href":"https:\/\/api.w.org\/{rel}","templated":true}]}}