{"id":6416,"date":"2024-05-13T18:00:20","date_gmt":"2024-05-13T21:00:20","guid":{"rendered":"https:\/\/www.noticiasmas.com.ar\/?p=6416"},"modified":"2024-05-13T18:04:44","modified_gmt":"2024-05-13T21:04:44","slug":"el-gobierno-oficializo-la-eliminacion-de-la-tarjeta-azul","status":"publish","type":"post","link":"https:\/\/www.noticiasmas.com.ar\/index.php\/2024\/05\/13\/el-gobierno-oficializo-la-eliminacion-de-la-tarjeta-azul\/","title":{"rendered":"El gobierno oficializ\u00f3 la eliminaci\u00f3n de la tarjeta azul"},"content":{"rendered":"\n<p><\/p>\n\n\n\n<p><em>La \u201cC\u00e9dula de Identificaci\u00f3n para autorizado a conducir\u201d dejar\u00e1 de ser requisito necesario y obligatorio para circular.<\/em><\/p>\n\n\n\n<p>El Gobierno Nacional oficializ\u00f3 mediante Bolet\u00edn Oficial la derogaci\u00f3n de la \u201cC\u00e9dula de Identificaci\u00f3n para autorizado a conducir\u201d o \u201cc\u00e9dula azul\u201d, luego de haber sido anunciada esta medida por parte del Ministerio de Justicia.<\/p>\n\n\n\n<p>A principios de mayo, mediante una serie de medidas que tend\u00edan a la regularizaci\u00f3n de ciertas anomal\u00edas en las dependencias del registro automotor, la cartera de Justicia anunci\u00f3, entre otras cuestiones, la eliminaci\u00f3n de esta credencial que autoriza a un tercero que no sea propietario de un automotor a circular en este.<\/p>\n\n\n\n<p>Ante esto, los ministerios y entidades competentes en la regulaci\u00f3n provincial del tr\u00e1nsito se\u00f1alaron que segu\u00eda siendo requisito obligatorio para circular.<\/p>\n\n\n\n<p>El 10 de mayo, Mart\u00edn Pennella, director de Registros de la Propiedad Automotor, public\u00f3 la disposici\u00f3n que elimina por completo la c\u00e9dula azul. Entre las justificaciones se\u00f1al\u00f3 que la misma \u201ccarece de sustento y aplicaci\u00f3n pr\u00e1ctica\u201d.<\/p>\n\n\n\n<p>Hoy, ya con la oficializaci\u00f3n mediante Bolet\u00edn Oficial, se elimin\u00f3 finalmente esta credencial, medida que tiene como finalidad eliminar tr\u00e1mites burocr\u00e1ticos en esta \u00e1rea.<\/p>\n","protected":false},"excerpt":{"rendered":"<p>La \u201cC\u00e9dula de Identificaci\u00f3n para autorizado a conducir\u201d dejar\u00e1 de ser requisito necesario y obligatorio para circular. El Gobierno Nacional oficializ\u00f3 mediante Bolet\u00edn Oficial la derogaci\u00f3n de la \u201cC\u00e9dula de Identificaci\u00f3n para autorizado a conducir\u201d o \u201cc\u00e9dula azul\u201d, luego de haber sido anunciada esta medida por parte del Ministerio de Justicia. A principios de mayo, [&hellip;]<\/p>\n","protected":false},"author":9,"featured_media":6417,"comment_status":"closed","ping_status":"open","sticky":false,"template":"","format":"standard","meta":{"tdm_status":"","tdm_grid_status":"","footnotes":""},"categories":[1],"tags":[2231,2197,2230,2196,218],"class_list":{"0":"post-6416","1":"post","2":"type-post","3":"status-publish","4":"format-standard","5":"has-post-thumbnail","7":"category-nacionales","8":"tag-boletin-oficial","9":"tag-cedula-azul","10":"tag-credencial","11":"tag-ministerio-de-justicia","12":"tag-nacionales"},"_links":{"self":[{"href":"https:\/\/www.noticiasmas.com.ar\/index.php\/wp-json\/wp\/v2\/posts\/6416","targetHints":{"allow":["GET"]}}],"collection":[{"href":"https:\/\/www.noticiasmas.com.ar\/index.php\/wp-json\/wp\/v2\/posts"}],"about":[{"href":"https:\/\/www.noticiasmas.com.ar\/index.php\/wp-json\/wp\/v2\/types\/post"}],"author":[{"embeddable":true,"href":"https:\/\/www.noticiasmas.com.ar\/index.php\/wp-json\/wp\/v2\/users\/9"}],"replies":[{"embeddable":true,"href":"https:\/\/www.noticiasmas.com.ar\/index.php\/wp-json\/wp\/v2\/comments?post=6416"}],"version-history":[{"count":2,"href":"https:\/\/www.noticiasmas.com.ar\/index.php\/wp-json\/wp\/v2\/posts\/6416\/revisions"}],"predecessor-version":[{"id":6420,"href":"https:\/\/www.noticiasmas.com.ar\/index.php\/wp-json\/wp\/v2\/posts\/6416\/revisions\/6420"}],"wp:featuredmedia":[{"embeddable":true,"href":"https:\/\/www.noticiasmas.com.ar\/index.php\/wp-json\/wp\/v2\/media\/6417"}],"wp:attachment":[{"href":"https:\/\/www.noticiasmas.com.ar\/index.php\/wp-json\/wp\/v2\/media?parent=6416"}],"wp:term":[{"taxonomy":"category","embeddable":true,"href":"https:\/\/www.noticiasmas.com.ar\/index.php\/wp-json\/wp\/v2\/categories?post=6416"},{"taxonomy":"post_tag","embeddable":true,"href":"https:\/\/www.noticiasmas.com.ar\/index.php\/wp-json\/wp\/v2\/tags?post=6416"}],"curies":[{"name":"wp","href":"https:\/\/api.w.org\/{rel}","templated":true}]}}