{"id":6424,"date":"2024-05-14T15:21:32","date_gmt":"2024-05-14T18:21:32","guid":{"rendered":"https:\/\/www.noticiasmas.com.ar\/?p=6424"},"modified":"2024-05-14T15:21:33","modified_gmt":"2024-05-14T18:21:33","slug":"menem-volvio-a-la-rosada-milei-inauguro-el-busto-del-ex-presidente-con-suma-emocion","status":"publish","type":"post","link":"https:\/\/www.noticiasmas.com.ar\/index.php\/2024\/05\/14\/menem-volvio-a-la-rosada-milei-inauguro-el-busto-del-ex-presidente-con-suma-emocion\/","title":{"rendered":"Menem volvi\u00f3 a la Rosada: Milei inaugur\u00f3 el busto del ex presidente con suma emoci\u00f3n"},"content":{"rendered":"\n<p><\/p>\n\n\n\n<p><em>\u201cFue el mejor presidente de la historia\u201d, sostuvo Milei, en un acto en donde participaron los familiares del riojano, fallecido hace ya tres a\u00f1os.<\/em><\/p>\n\n\n\n<p>Javier Milei inaugur\u00f3 este martes el busto de Carlos Sa\u00fal Menem, el cual estar\u00e1 en la Galer\u00eda de los Patriotas dentro de la Casa Rosada, y en donde se rinde homenaje a todos los ex presidentes constitucionales que tuvo el pa\u00eds.<\/p>\n\n\n\n<p>\u201cLes duela o no, ha sido el mejor presidente de la historia. Si hay algo que dije siempre es que fue el mejor presidente de la historia y hoy vengo con el honor y el orgullo de estar reestrenando este busto, se\u00f1al\u00f3 Milei, quien brind\u00f3 un discurso donde cont\u00f3 c\u00f3mo conoci\u00f3 al ex mandatario y se mostr\u00f3 visiblemente emocionado al recordar la figura del riojano, fallecido ya hace tres a\u00f1os.<\/p>\n\n\n\n<p>Estuvo presente Zulema Menem, hija del \u201ccaudillo riojano\u201d, quien hace 35 a\u00f1os ganaba la elecci\u00f3n que lo depositaria en su primera de dos presidencias durante los a\u00f1os 90.<\/p>\n\n\n\n<figure class=\"wp-block-image size-full\"><img loading=\"lazy\" decoding=\"async\" width=\"596\" height=\"680\" src=\"https:\/\/www.noticiasmas.com.ar\/wp-content\/uploads\/2024\/05\/menembusto.jpeg\" alt=\"\" class=\"wp-image-6425\" srcset=\"https:\/\/www.noticiasmas.com.ar\/wp-content\/uploads\/2024\/05\/menembusto.jpeg 596w, https:\/\/www.noticiasmas.com.ar\/wp-content\/uploads\/2024\/05\/menembusto-263x300.jpeg 263w, https:\/\/www.noticiasmas.com.ar\/wp-content\/uploads\/2024\/05\/menembusto-150x171.jpeg 150w, https:\/\/www.noticiasmas.com.ar\/wp-content\/uploads\/2024\/05\/menembusto-300x342.jpeg 300w\" sizes=\"auto, (max-width: 596px) 100vw, 596px\" \/><\/figure>\n\n\n\n<p>Para Milei, Menem \u201cinspir\u00f3 a quienes creemos en la libertad a seguir su ejemplo. Por eso hoy estamos haciendo este homenaje al mejor presidente de los \u00faltimos 40 a\u00f1os, al menos\u201d.<\/p>\n\n\n\n<p>\u201cSi hay algo que caracteriz\u00f3 al Gobierno de Carlos Menem es haberse rodeado de los mejores. Nunca tuvo miedo de rodearse de gente talentosa. Y eso lo muestra como el l\u00edder may\u00fascuco que fue. Y si hay algo en que creo que puedo estar m\u00e1s cerca en poder copiarlo es rodearme de los mejores. Estoy orgulloso del equipo econ\u00f3mico y todo el Gabinete que tengo con el cual vamos a sacar a la Argentina adelante\u201d, concluy\u00f3 el presidente.<\/p>\n","protected":false},"excerpt":{"rendered":"<p>\u201cFue el mejor presidente de la historia\u201d, sostuvo Milei, en un acto en donde participaron los familiares del riojano, fallecido hace ya tres a\u00f1os. Javier Milei inaugur\u00f3 este martes el busto de Carlos Sa\u00fal Menem, el cual estar\u00e1 en la Galer\u00eda de los Patriotas dentro de la Casa Rosada, y en donde se rinde homenaje [&hellip;]<\/p>\n","protected":false},"author":9,"featured_media":6426,"comment_status":"closed","ping_status":"open","sticky":false,"template":"","format":"standard","meta":{"tdm_status":"","tdm_grid_status":"","footnotes":""},"categories":[1],"tags":[2233,611,60,2232,39],"class_list":{"0":"post-6424","1":"post","2":"type-post","3":"status-publish","4":"format-standard","5":"has-post-thumbnail","7":"category-nacionales","8":"tag-busto","9":"tag-casa-rosada","10":"tag-javier-milei","11":"tag-menem","12":"tag-politica"},"_links":{"self":[{"href":"https:\/\/www.noticiasmas.com.ar\/index.php\/wp-json\/wp\/v2\/posts\/6424","targetHints":{"allow":["GET"]}}],"collection":[{"href":"https:\/\/www.noticiasmas.com.ar\/index.php\/wp-json\/wp\/v2\/posts"}],"about":[{"href":"https:\/\/www.noticiasmas.com.ar\/index.php\/wp-json\/wp\/v2\/types\/post"}],"author":[{"embeddable":true,"href":"https:\/\/www.noticiasmas.com.ar\/index.php\/wp-json\/wp\/v2\/users\/9"}],"replies":[{"embeddable":true,"href":"https:\/\/www.noticiasmas.com.ar\/index.php\/wp-json\/wp\/v2\/comments?post=6424"}],"version-history":[{"count":1,"href":"https:\/\/www.noticiasmas.com.ar\/index.php\/wp-json\/wp\/v2\/posts\/6424\/revisions"}],"predecessor-version":[{"id":6427,"href":"https:\/\/www.noticiasmas.com.ar\/index.php\/wp-json\/wp\/v2\/posts\/6424\/revisions\/6427"}],"wp:featuredmedia":[{"embeddable":true,"href":"https:\/\/www.noticiasmas.com.ar\/index.php\/wp-json\/wp\/v2\/media\/6426"}],"wp:attachment":[{"href":"https:\/\/www.noticiasmas.com.ar\/index.php\/wp-json\/wp\/v2\/media?parent=6424"}],"wp:term":[{"taxonomy":"category","embeddable":true,"href":"https:\/\/www.noticiasmas.com.ar\/index.php\/wp-json\/wp\/v2\/categories?post=6424"},{"taxonomy":"post_tag","embeddable":true,"href":"https:\/\/www.noticiasmas.com.ar\/index.php\/wp-json\/wp\/v2\/tags?post=6424"}],"curies":[{"name":"wp","href":"https:\/\/api.w.org\/{rel}","templated":true}]}}