{"id":6472,"date":"2024-05-15T16:34:11","date_gmt":"2024-05-15T19:34:11","guid":{"rendered":"https:\/\/www.noticiasmas.com.ar\/?p=6472"},"modified":"2024-05-15T17:44:48","modified_gmt":"2024-05-15T20:44:48","slug":"la-industria-opero-en-marzo-al-53-de-su-capacidad-instalada","status":"publish","type":"post","link":"https:\/\/www.noticiasmas.com.ar\/index.php\/2024\/05\/15\/la-industria-opero-en-marzo-al-53-de-su-capacidad-instalada\/","title":{"rendered":"La industria oper\u00f3 en marzo al 53% de su capacidad instalada"},"content":{"rendered":"\n<p><\/p>\n\n\n\n<p>El reciente informe del<strong> Instituto Nacional de Estad\u00edsticas y Censos<\/strong> sostuvo que en el mes de <strong>marzo de 2024<\/strong> la utilizaci\u00f3n de la <strong>capacidad instalada de la industria<\/strong> oper\u00f3 al <strong>53,4%<\/strong> de su nivel general.<\/p>\n\n\n\n<p>De este modo, la industria nacional funcion\u00f3, durante el primer trimestre del a\u00f1o, en el promedio m\u00e1s bajo desde el a\u00f1o 2019, sin contar el per\u00edodo marzo-septiembre 2020.<\/p>\n\n\n\n<p>Entre los sectores que operaron a la mitad de su capacidad instalada se encuentra la <strong>industria automotriz (50,8%)<\/strong>, la <strong>producci\u00f3n de tabaco (50,5%)<\/strong>, las <strong>met\u00e1licas b\u00e1sicas (50%) <\/strong>y la <strong>edici\u00f3n e impresiones (48%)<\/strong>.<\/p>\n\n\n\n<p>Otras, como los <strong>minerales no met\u00e1licos<\/strong>, estuvieron <strong>30 puntos porcentuales por debajo<\/strong> del mismo per\u00edodo de 2023. Esta \u00e1rea es la que aglutina a los comercios ligados a la construcci\u00f3n.<\/p>\n\n\n\n<p>En el m\u00e1s bajo de los niveles se encuentran los <strong>textiles (38,5%)<\/strong> y la metalmec\u00e1nica (38%). La que mayor capacidad productiva tuvo fue el <strong>petr\u00f3leo (80%)<\/strong> y los <strong>qu\u00edmicos (65%).<\/strong><\/p>\n\n\n\n<p>El indicador de la utilizaci\u00f3n de la capacidad instalada en la industria mide la proporci\u00f3n utilizada, en t\u00e9rminos porcentuales, de la capacidad productiva del sector industrial. El relevamiento comprende un panel de entre 600 y 700 empresas.<\/p>\n\n\n\n<p>Para su c\u00e1lculo, se tiene en cuenta cu\u00e1l es efectivamente la producci\u00f3n m\u00e1xima que cada sector puede obtener con la capacidad instalada.<\/p>\n\n\n\n<p>Se consideran criterios t\u00e9cnicos, como el aprovechamiento potencial de las plantas productivas, empleando el m\u00e1ximo de turnos posibles y las paradas necesarias para el mantenimiento apropiado de dicha capacidad.<\/p>\n\n\n\n<p>El actual informe utiliza la ponderaci\u00f3n de la estructura porcentual del valor agregado bruto a precios b\u00e1sicos de la industria manufacturera, correspondiente a 2004 (a\u00f1o base vigente), publicado por la Direcci\u00f3n Nacional de Cuentas Nacionales.<\/p>\n\n\n\n<p>Se presentan datos \u2013expresados en porcentaje\u2013 del nivel general de la industria y de los bloques sectoriales que la componen.<\/p>\n","protected":false},"excerpt":{"rendered":"<p>El reciente informe del Instituto Nacional de Estad\u00edsticas y Censos sostuvo que en el mes de marzo de 2024 la utilizaci\u00f3n de la capacidad instalada de la industria oper\u00f3 al 53,4% de su nivel general. De este modo, la industria nacional funcion\u00f3, durante el primer trimestre del a\u00f1o, en el promedio m\u00e1s bajo desde el [&hellip;]<\/p>\n","protected":false},"author":9,"featured_media":6473,"comment_status":"closed","ping_status":"open","sticky":false,"template":"","format":"standard","meta":{"tdm_status":"","tdm_grid_status":"","footnotes":""},"categories":[1],"tags":[2243,2026,322,692],"class_list":{"0":"post-6472","1":"post","2":"type-post","3":"status-publish","4":"format-standard","5":"has-post-thumbnail","7":"category-nacionales","8":"tag-capacidad-industria","9":"tag-estadisticas","10":"tag-indec","11":"tag-industria"},"_links":{"self":[{"href":"https:\/\/www.noticiasmas.com.ar\/index.php\/wp-json\/wp\/v2\/posts\/6472","targetHints":{"allow":["GET"]}}],"collection":[{"href":"https:\/\/www.noticiasmas.com.ar\/index.php\/wp-json\/wp\/v2\/posts"}],"about":[{"href":"https:\/\/www.noticiasmas.com.ar\/index.php\/wp-json\/wp\/v2\/types\/post"}],"author":[{"embeddable":true,"href":"https:\/\/www.noticiasmas.com.ar\/index.php\/wp-json\/wp\/v2\/users\/9"}],"replies":[{"embeddable":true,"href":"https:\/\/www.noticiasmas.com.ar\/index.php\/wp-json\/wp\/v2\/comments?post=6472"}],"version-history":[{"count":2,"href":"https:\/\/www.noticiasmas.com.ar\/index.php\/wp-json\/wp\/v2\/posts\/6472\/revisions"}],"predecessor-version":[{"id":6478,"href":"https:\/\/www.noticiasmas.com.ar\/index.php\/wp-json\/wp\/v2\/posts\/6472\/revisions\/6478"}],"wp:featuredmedia":[{"embeddable":true,"href":"https:\/\/www.noticiasmas.com.ar\/index.php\/wp-json\/wp\/v2\/media\/6473"}],"wp:attachment":[{"href":"https:\/\/www.noticiasmas.com.ar\/index.php\/wp-json\/wp\/v2\/media?parent=6472"}],"wp:term":[{"taxonomy":"category","embeddable":true,"href":"https:\/\/www.noticiasmas.com.ar\/index.php\/wp-json\/wp\/v2\/categories?post=6472"},{"taxonomy":"post_tag","embeddable":true,"href":"https:\/\/www.noticiasmas.com.ar\/index.php\/wp-json\/wp\/v2\/tags?post=6472"}],"curies":[{"name":"wp","href":"https:\/\/api.w.org\/{rel}","templated":true}]}}