{"id":6488,"date":"2024-05-16T15:36:14","date_gmt":"2024-05-16T18:36:14","guid":{"rendered":"https:\/\/www.noticiasmas.com.ar\/?p=6488"},"modified":"2024-05-16T15:36:14","modified_gmt":"2024-05-16T18:36:14","slug":"la-industria-cae-en-un-47-mensual-y-se-pronuncia-la-crisis-productiva-del-pais","status":"publish","type":"post","link":"https:\/\/www.noticiasmas.com.ar\/index.php\/2024\/05\/16\/la-industria-cae-en-un-47-mensual-y-se-pronuncia-la-crisis-productiva-del-pais\/","title":{"rendered":"La industria cae en un 4,7% mensual y se pronuncia la crisis productiva del pa\u00eds"},"content":{"rendered":"\n<p><\/p>\n\n\n\n<p><em>La UIA realiz\u00f3 su informe mensual, el cual indica resultados de suma gravedad para los diferentes sectores.<\/em><\/p>\n\n\n\n<p>El informe mensual de la Uni\u00f3n Industrial Argentina se\u00f1ala que la actividad tuvo una ca\u00edda mensual durante marzo del 4,7%. Es el d\u00e9cimo mes de ca\u00edda consecutiva.<\/p>\n\n\n\n<p>La cifra es peor a\u00fan en la comparaci\u00f3n interanual, ya que indica una ca\u00edda del 17,2% en la actividad industrial.<\/p>\n\n\n\n<p>Mientras el Gobierno Nacional celebra que tras seis meses la inflaci\u00f3n volvi\u00f3 a marcar cifras de un d\u00edgito y contin\u00faa, poco a poco, descendiendo, los industriales sufren de una importante ca\u00edda de su actividad laboral.<\/p>\n\n\n\n<figure class=\"wp-block-embed is-type-wp-embed is-provider-noticias-mas wp-block-embed-noticias-mas\"><div class=\"wp-block-embed__wrapper\">\n<blockquote class=\"wp-embedded-content\" data-secret=\"Q4MLZZg2Ka\"><a href=\"https:\/\/www.noticiasmas.com.ar\/index.php\/2024\/05\/14\/la-inflacion-de-abril-fue-del-88-y-estuvo-marcada-por-un-fuerte-aumento-en-vivienda\/\">La inflaci\u00f3n de abril fue del 8,8% y estuvo marcada por un fuerte aumento en vivienda<\/a><\/blockquote><iframe loading=\"lazy\" class=\"wp-embedded-content\" sandbox=\"allow-scripts\" security=\"restricted\" style=\"position: absolute; clip: rect(1px, 1px, 1px, 1px);\" title=\"&#8220;La inflaci\u00f3n de abril fue del 8,8% y estuvo marcada por un fuerte aumento en vivienda&#8221; &#8212; Noticias Mas\" src=\"https:\/\/www.noticiasmas.com.ar\/index.php\/2024\/05\/14\/la-inflacion-de-abril-fue-del-88-y-estuvo-marcada-por-un-fuerte-aumento-en-vivienda\/embed\/#?secret=dL1kc81XU4#?secret=Q4MLZZg2Ka\" data-secret=\"Q4MLZZg2Ka\" width=\"600\" height=\"338\" frameborder=\"0\" marginwidth=\"0\" marginheight=\"0\" scrolling=\"no\"><\/iframe>\n<\/div><\/figure>\n\n\n\n<p>Todos los sectores recavados por la UIA muestran cifras negativas en la variaci\u00f3n acumulada durante este 2024. Sectores como los minerales no met\u00e1licos tienen una ca\u00edda anual del 31,2%, mientras que el rubro automotor registra ca\u00edda de 23%.<\/p>\n\n\n\n<p>El mes de abril no viene con novedades positivas, m\u00e1s bien todo lo contrario: Los despachos de cemento cayeron un 35%, la producci\u00f3n de autom\u00f3viles un 21%, inclusive los consumos de los grandes usuarios industriales cayeron un 9%, seg\u00fan cifras que brindo CAMMESA al informe. <\/p>\n\n\n\n<figure class=\"wp-block-embed is-type-wp-embed is-provider-noticias-mas wp-block-embed-noticias-mas\"><div class=\"wp-block-embed__wrapper\">\n<blockquote class=\"wp-embedded-content\" data-secret=\"JddK3so11S\"><a href=\"https:\/\/www.noticiasmas.com.ar\/index.php\/2024\/05\/15\/la-industria-opero-en-marzo-al-53-de-su-capacidad-instalada\/\">La industria oper\u00f3 en marzo al 53% de su capacidad instalada<\/a><\/blockquote><iframe loading=\"lazy\" class=\"wp-embedded-content\" sandbox=\"allow-scripts\" security=\"restricted\" style=\"position: absolute; clip: rect(1px, 1px, 1px, 1px);\" title=\"&#8220;La industria oper\u00f3 en marzo al 53% de su capacidad instalada&#8221; &#8212; Noticias Mas\" src=\"https:\/\/www.noticiasmas.com.ar\/index.php\/2024\/05\/15\/la-industria-opero-en-marzo-al-53-de-su-capacidad-instalada\/embed\/#?secret=fFZpKVP8Db#?secret=JddK3so11S\" data-secret=\"JddK3so11S\" width=\"600\" height=\"338\" frameborder=\"0\" marginwidth=\"0\" marginheight=\"0\" scrolling=\"no\"><\/iframe>\n<\/div><\/figure>\n\n\n\n<p>Lo m\u00e1s preocupante es que en la comparaci\u00f3n interanual, el primero de estos dos marca una ca\u00edda de la actividad del 41%. Los automotores, por su parte, un 29%.<\/p>\n\n\n\n<p>Los alimentos y bebidas tambi\u00e9n muestran ca\u00edda de la actividad del 10% interanual, mientras que otros como los textiles registrar una cifra en negativo del 25%.<\/p>\n","protected":false},"excerpt":{"rendered":"<p>La UIA realiz\u00f3 su informe mensual, el cual indica resultados de suma gravedad para los diferentes sectores. El informe mensual de la Uni\u00f3n Industrial Argentina se\u00f1ala que la actividad tuvo una ca\u00edda mensual durante marzo del 4,7%. Es el d\u00e9cimo mes de ca\u00edda consecutiva. La cifra es peor a\u00fan en la comparaci\u00f3n interanual, ya que [&hellip;]<\/p>\n","protected":false},"author":9,"featured_media":6489,"comment_status":"closed","ping_status":"open","sticky":false,"template":"","format":"standard","meta":{"tdm_status":"","tdm_grid_status":"","footnotes":""},"categories":[1],"tags":[324,104,692,2251],"class_list":{"0":"post-6488","1":"post","2":"type-post","3":"status-publish","4":"format-standard","5":"has-post-thumbnail","7":"category-nacionales","8":"tag-argentina","9":"tag-economia","10":"tag-industria","11":"tag-uia"},"_links":{"self":[{"href":"https:\/\/www.noticiasmas.com.ar\/index.php\/wp-json\/wp\/v2\/posts\/6488","targetHints":{"allow":["GET"]}}],"collection":[{"href":"https:\/\/www.noticiasmas.com.ar\/index.php\/wp-json\/wp\/v2\/posts"}],"about":[{"href":"https:\/\/www.noticiasmas.com.ar\/index.php\/wp-json\/wp\/v2\/types\/post"}],"author":[{"embeddable":true,"href":"https:\/\/www.noticiasmas.com.ar\/index.php\/wp-json\/wp\/v2\/users\/9"}],"replies":[{"embeddable":true,"href":"https:\/\/www.noticiasmas.com.ar\/index.php\/wp-json\/wp\/v2\/comments?post=6488"}],"version-history":[{"count":1,"href":"https:\/\/www.noticiasmas.com.ar\/index.php\/wp-json\/wp\/v2\/posts\/6488\/revisions"}],"predecessor-version":[{"id":6490,"href":"https:\/\/www.noticiasmas.com.ar\/index.php\/wp-json\/wp\/v2\/posts\/6488\/revisions\/6490"}],"wp:featuredmedia":[{"embeddable":true,"href":"https:\/\/www.noticiasmas.com.ar\/index.php\/wp-json\/wp\/v2\/media\/6489"}],"wp:attachment":[{"href":"https:\/\/www.noticiasmas.com.ar\/index.php\/wp-json\/wp\/v2\/media?parent=6488"}],"wp:term":[{"taxonomy":"category","embeddable":true,"href":"https:\/\/www.noticiasmas.com.ar\/index.php\/wp-json\/wp\/v2\/categories?post=6488"},{"taxonomy":"post_tag","embeddable":true,"href":"https:\/\/www.noticiasmas.com.ar\/index.php\/wp-json\/wp\/v2\/tags?post=6488"}],"curies":[{"name":"wp","href":"https:\/\/api.w.org\/{rel}","templated":true}]}}