{"id":6547,"date":"2024-05-20T15:34:01","date_gmt":"2024-05-20T18:34:01","guid":{"rendered":"https:\/\/www.noticiasmas.com.ar\/?p=6547"},"modified":"2024-05-20T15:34:02","modified_gmt":"2024-05-20T18:34:02","slug":"cayo-un-ladron-de-reposeras-que-era-buscado-desde-2009","status":"publish","type":"post","link":"https:\/\/www.noticiasmas.com.ar\/index.php\/2024\/05\/20\/cayo-un-ladron-de-reposeras-que-era-buscado-desde-2009\/","title":{"rendered":"Cay\u00f3 un ladr\u00f3n de reposeras que era buscado desde 2009"},"content":{"rendered":"\n<p><\/p>\n\n\n\n<p><em>El hecho ocurri\u00f3 en Puerto General San Mart\u00edn. El hombre era buscado en Santa Fe desde hac\u00eda quince a\u00f1os.<\/em><\/p>\n\n\n\n<p>Un hombre de 41 a\u00f1os de edad qued\u00f3 detenido por robar reposeras del patio de una vivienda de Puerto General San Mart\u00edn durante horas de la noche del s\u00e1bado.<\/p>\n\n\n\n<p>Lo curioso es que este hombre, residente puertense, ten\u00eda una solicitud de detenci\u00f3n que data del a\u00f1o 2009 y solicitada por la Unidad Regional I de la ciudad de Santa Fe.<\/p>\n\n\n\n<p>En lo que fue el hecho ocurrido el fin de semana, el hombre fue intersectado por la polic\u00eda en barrio San Sebasti\u00e1n, m\u00e1s precisamente en el cruce de la Ruta Nacional N\u00b011 con calle 20 de Junio.<\/p>\n\n\n\n<p>Al momento de ser visualizado por la polic\u00eda, esta persona se dio a la fuga descartando las dos reposeras presuntamente robadas. Finalmente qued\u00f3 detenido por ambas causas.<\/p>\n","protected":false},"excerpt":{"rendered":"<p>El hecho ocurri\u00f3 en Puerto General San Mart\u00edn. El hombre era buscado en Santa Fe desde hac\u00eda quince a\u00f1os. Un hombre de 41 a\u00f1os de edad qued\u00f3 detenido por robar reposeras del patio de una vivienda de Puerto General San Mart\u00edn durante horas de la noche del s\u00e1bado. Lo curioso es que este hombre, residente [&hellip;]<\/p>\n","protected":false},"author":9,"featured_media":6548,"comment_status":"closed","ping_status":"open","sticky":false,"template":"","format":"standard","meta":{"tdm_status":"","tdm_grid_status":"","footnotes":""},"categories":[9],"tags":[2267,172,2266,32],"class_list":{"0":"post-6547","1":"post","2":"type-post","3":"status-publish","4":"format-standard","5":"has-post-thumbnail","7":"category-policiales","8":"tag-pedido-de-captura","9":"tag-policiales","10":"tag-puerto-general-san-martin-2","11":"tag-robo"},"_links":{"self":[{"href":"https:\/\/www.noticiasmas.com.ar\/index.php\/wp-json\/wp\/v2\/posts\/6547","targetHints":{"allow":["GET"]}}],"collection":[{"href":"https:\/\/www.noticiasmas.com.ar\/index.php\/wp-json\/wp\/v2\/posts"}],"about":[{"href":"https:\/\/www.noticiasmas.com.ar\/index.php\/wp-json\/wp\/v2\/types\/post"}],"author":[{"embeddable":true,"href":"https:\/\/www.noticiasmas.com.ar\/index.php\/wp-json\/wp\/v2\/users\/9"}],"replies":[{"embeddable":true,"href":"https:\/\/www.noticiasmas.com.ar\/index.php\/wp-json\/wp\/v2\/comments?post=6547"}],"version-history":[{"count":1,"href":"https:\/\/www.noticiasmas.com.ar\/index.php\/wp-json\/wp\/v2\/posts\/6547\/revisions"}],"predecessor-version":[{"id":6549,"href":"https:\/\/www.noticiasmas.com.ar\/index.php\/wp-json\/wp\/v2\/posts\/6547\/revisions\/6549"}],"wp:featuredmedia":[{"embeddable":true,"href":"https:\/\/www.noticiasmas.com.ar\/index.php\/wp-json\/wp\/v2\/media\/6548"}],"wp:attachment":[{"href":"https:\/\/www.noticiasmas.com.ar\/index.php\/wp-json\/wp\/v2\/media?parent=6547"}],"wp:term":[{"taxonomy":"category","embeddable":true,"href":"https:\/\/www.noticiasmas.com.ar\/index.php\/wp-json\/wp\/v2\/categories?post=6547"},{"taxonomy":"post_tag","embeddable":true,"href":"https:\/\/www.noticiasmas.com.ar\/index.php\/wp-json\/wp\/v2\/tags?post=6547"}],"curies":[{"name":"wp","href":"https:\/\/api.w.org\/{rel}","templated":true}]}}