{"id":6574,"date":"2024-05-21T11:36:47","date_gmt":"2024-05-21T14:36:47","guid":{"rendered":"https:\/\/www.noticiasmas.com.ar\/?p=6574"},"modified":"2024-05-21T11:36:49","modified_gmt":"2024-05-21T14:36:49","slug":"el-sabado-seria-el-dia-mas-frio-del-ano-y-hasta-nevaria-en-buenos-aires","status":"publish","type":"post","link":"https:\/\/www.noticiasmas.com.ar\/index.php\/2024\/05\/21\/el-sabado-seria-el-dia-mas-frio-del-ano-y-hasta-nevaria-en-buenos-aires\/","title":{"rendered":"El s\u00e1bado ser\u00eda el d\u00eda m\u00e1s fr\u00edo del a\u00f1o y hasta nevar\u00eda en Buenos Aires"},"content":{"rendered":"\n<p><\/p>\n\n\n\n<p><em>El Servicio Meteorol\u00f3gico Nacional anticipa condiciones clim\u00e1ticas que incrementar\u00e1n la chance de que nieve en parte de la llanura pampeana.<\/em><\/p>\n\n\n\n<p>El Servicio Meteorol\u00f3gico Nacional indica que las condiciones clim\u00e1ticas conducen a que el pr\u00f3ximo s\u00e1bado 26 de mayo sea el d\u00eda m\u00e1s fr\u00edo del a\u00f1o.<\/p>\n\n\n\n<p>Inclusive, esperan nevadas en el sur y centro de la provincia de Buenos Aires, con posibilidades de que llegue hasta territorio de Capital Federal.<\/p>\n\n\n\n<p>En estos momentos, parte de la regi\u00f3n de Cuyo, principalmente sobre la Cordillera de los Andes, tienen pron\u00f3sticos de nieve<\/p>\n\n\n\n<p>En la regi\u00f3n, se espera una temperatura m\u00ednima de 4\u00b0C con una m\u00e1xima de apenas 11\u00b0C, con cielo completamente nublado y vientos que soplar\u00edan desde el sector sur para el d\u00eda s\u00e1bado.<\/p>\n\n\n\n<p>En los pr\u00f3ximos d\u00edas, las temperaturas no superar\u00e1n los 15\u00b0C de m\u00e1xima, mientras que se mantendr\u00e1n los d\u00edas grises y nublados.<\/p>\n","protected":false},"excerpt":{"rendered":"<p>El Servicio Meteorol\u00f3gico Nacional anticipa condiciones clim\u00e1ticas que incrementar\u00e1n la chance de que nieve en parte de la llanura pampeana. El Servicio Meteorol\u00f3gico Nacional indica que las condiciones clim\u00e1ticas conducen a que el pr\u00f3ximo s\u00e1bado 26 de mayo sea el d\u00eda m\u00e1s fr\u00edo del a\u00f1o. Inclusive, esperan nevadas en el sur y centro de la [&hellip;]<\/p>\n","protected":false},"author":9,"featured_media":6575,"comment_status":"closed","ping_status":"open","sticky":false,"template":"","format":"standard","meta":{"tdm_status":"","tdm_grid_status":"","footnotes":""},"categories":[1],"tags":[765,138,587,311],"class_list":{"0":"post-6574","1":"post","2":"type-post","3":"status-publish","4":"format-standard","5":"has-post-thumbnail","7":"category-nacionales","8":"tag-buenos-aires","9":"tag-clima","10":"tag-frio","11":"tag-servicio-meteorologico-nacional"},"_links":{"self":[{"href":"https:\/\/www.noticiasmas.com.ar\/index.php\/wp-json\/wp\/v2\/posts\/6574","targetHints":{"allow":["GET"]}}],"collection":[{"href":"https:\/\/www.noticiasmas.com.ar\/index.php\/wp-json\/wp\/v2\/posts"}],"about":[{"href":"https:\/\/www.noticiasmas.com.ar\/index.php\/wp-json\/wp\/v2\/types\/post"}],"author":[{"embeddable":true,"href":"https:\/\/www.noticiasmas.com.ar\/index.php\/wp-json\/wp\/v2\/users\/9"}],"replies":[{"embeddable":true,"href":"https:\/\/www.noticiasmas.com.ar\/index.php\/wp-json\/wp\/v2\/comments?post=6574"}],"version-history":[{"count":1,"href":"https:\/\/www.noticiasmas.com.ar\/index.php\/wp-json\/wp\/v2\/posts\/6574\/revisions"}],"predecessor-version":[{"id":6576,"href":"https:\/\/www.noticiasmas.com.ar\/index.php\/wp-json\/wp\/v2\/posts\/6574\/revisions\/6576"}],"wp:featuredmedia":[{"embeddable":true,"href":"https:\/\/www.noticiasmas.com.ar\/index.php\/wp-json\/wp\/v2\/media\/6575"}],"wp:attachment":[{"href":"https:\/\/www.noticiasmas.com.ar\/index.php\/wp-json\/wp\/v2\/media?parent=6574"}],"wp:term":[{"taxonomy":"category","embeddable":true,"href":"https:\/\/www.noticiasmas.com.ar\/index.php\/wp-json\/wp\/v2\/categories?post=6574"},{"taxonomy":"post_tag","embeddable":true,"href":"https:\/\/www.noticiasmas.com.ar\/index.php\/wp-json\/wp\/v2\/tags?post=6574"}],"curies":[{"name":"wp","href":"https:\/\/api.w.org\/{rel}","templated":true}]}}