{"id":6783,"date":"2024-05-29T14:17:01","date_gmt":"2024-05-29T17:17:01","guid":{"rendered":"https:\/\/www.noticiasmas.com.ar\/?p=6783"},"modified":"2024-05-29T14:17:05","modified_gmt":"2024-05-29T17:17:05","slug":"industriales-esperan-que-haya-reduccion-de-la-produccion-debido-a-la-falta-de-gas","status":"publish","type":"post","link":"https:\/\/www.noticiasmas.com.ar\/index.php\/2024\/05\/29\/industriales-esperan-que-haya-reduccion-de-la-produccion-debido-a-la-falta-de-gas\/","title":{"rendered":"Industriales esperan que haya reducci\u00f3n de la producci\u00f3n debido a la falta de gas"},"content":{"rendered":"\n<p><\/p>\n\n\n\n<p><em>La distribuidora Transportadora Gas del Norte declar\u00f3 una situaci\u00f3n de \u201cfuerza mayor\u201d por lo que el gas queda restringido para los servicios esenciales.<\/em><\/p>\n\n\n\n<p>La <strong>Federaci\u00f3n Industrial de Santa Fe <\/strong>emiti\u00f3 un comunicado donde indican que, por la reducci\u00f3n de la distribuci\u00f3n de gas en todo el pa\u00eds, <strong>\u201cse espera una reducci\u00f3n inmediata en la producci\u00f3n industrial\u201d.<\/strong><\/p>\n\n\n\n<p>Seg\u00fan entienden, esta situaci\u00f3n \u201cafectar\u00e1 la cadena de suministro y causar\u00e1 posibles retrasos en la entrega de productos, as\u00ed como consecuencias econ\u00f3micas para las empresas debido a la paralizaci\u00f3n de actividades\u201d.<\/p>\n\n\n\n<p>El martes por la noche, Litoral Gas inform\u00f3 que la distribuidora Transportadora de Gas del Norte S.A. \u201cha declarado una situaci\u00f3n de Fuerza Mayor, raz\u00f3n por la cual se ve comprometido el normal abastecimiento de la demanda prioritaria en nuestra zona\u201d.<\/p>\n\n\n\n<p>Por ello, se vio comprometido el abastecimiento de GNC en las estaciones de servicio de todo el pa\u00eds, algo que en este momento contin\u00faa siendo un interrogante en los usuarios.<\/p>\n\n\n\n<p>\u201cInstamos a las autoridades pertinentes a tomar las medidas necesarias para mitigar los efectos de esta restricci\u00f3n e invitamos a las industrias a mantener la comunicaci\u00f3n abierta con sus proveedores y clientes para gestionar esta emergencia de la mejor manera posible\u201d, concluyeron el comunicado.<\/p>\n\n\n\n<p><strong>Sin gas, sin luz<\/strong><\/p>\n\n\n\n<p>Marcelo Zanoni, presidente de la C\u00e1mara de Gas Natural Comprimido, se\u00f1al\u00f3 que el problema reside en el transporte y la distribuci\u00f3n, la cual \u201cest\u00e1 totalmente en emergencia\u201d.<\/p>\n\n\n\n<p>\u201c<strong>El residencial aumento un 100% de un consumo normal<\/strong>, esto afecta inmediatamente a toda la industria. Nunca se hab\u00eda afectado a los que pagaban para tener consumo interrumpido\u201d, se\u00f1al\u00f3 en di\u00e1logo con Radio con Vos.<\/p>\n\n\n\n<p>\u201cEn Neuqu\u00e9n la planta de Saliquel\u00f3 no est\u00e1 funcionando. A Bah\u00eda Blanca le llega el 50% del suministro. Bolivia cort\u00f3 el contrato con Argentina y no nos baja gas. Brasil nos iba a pasar el cupo que Bolivia no nos pasa y los barcos, por una mala planificaci\u00f3n estrat\u00e9gica, no se compraron a tiempo\u201d, grafic\u00f3 Zanoni.<\/p>\n\n\n\n<p>\u201cEsto implica que <strong>nos podemos quedar sin luz<\/strong>, porque las termoel\u00e9ctricas se alimentan con gas y rara vez con fuel oil, y sin luz\u201d, agreg\u00f3.<\/p>\n\n\n\n<p>Desde el Gobierno Nacional, el vocero presidencial Manuel Adorni tir\u00f3 pa\u00f1os fr\u00edos a la situaci\u00f3n: asegur\u00f3 que \u201clleg\u00f3 al pa\u00eds el buque de Petrobras, desde las 9 de la ma\u00f1ana se encuentra descargando el material para reabastecer el servicio de energ\u00eda\u201d. \u201cEntrada la noche de hoy, el servicio se regularizar\u00e1\u201d, agreg\u00f3. La situaci\u00f3n, seg\u00fan sus palabras, la atribuy\u00f3 a \u201cel invierno m\u00e1s crudo en los \u00faltimos 44 a\u00f1os\u201d.<\/p>\n","protected":false},"excerpt":{"rendered":"<p>La distribuidora Transportadora Gas del Norte declar\u00f3 una situaci\u00f3n de \u201cfuerza mayor\u201d por lo que el gas queda restringido para los servicios esenciales. La Federaci\u00f3n Industrial de Santa Fe emiti\u00f3 un comunicado donde indican que, por la reducci\u00f3n de la distribuci\u00f3n de gas en todo el pa\u00eds, \u201cse espera una reducci\u00f3n inmediata en la producci\u00f3n [&hellip;]<\/p>\n","protected":false},"author":9,"featured_media":6784,"comment_status":"closed","ping_status":"open","sticky":false,"template":"","format":"standard","meta":{"tdm_status":"","tdm_grid_status":"","footnotes":""},"categories":[1],"tags":[2335,717,2333,2334,2336],"class_list":{"0":"post-6783","1":"post","2":"type-post","3":"status-publish","4":"format-standard","5":"has-post-thumbnail","7":"category-nacionales","8":"tag-federacion-industrial-de-santa-fe","9":"tag-gas","10":"tag-gas-natural-comprimido","11":"tag-gnc","12":"tag-industriales"},"_links":{"self":[{"href":"https:\/\/www.noticiasmas.com.ar\/index.php\/wp-json\/wp\/v2\/posts\/6783","targetHints":{"allow":["GET"]}}],"collection":[{"href":"https:\/\/www.noticiasmas.com.ar\/index.php\/wp-json\/wp\/v2\/posts"}],"about":[{"href":"https:\/\/www.noticiasmas.com.ar\/index.php\/wp-json\/wp\/v2\/types\/post"}],"author":[{"embeddable":true,"href":"https:\/\/www.noticiasmas.com.ar\/index.php\/wp-json\/wp\/v2\/users\/9"}],"replies":[{"embeddable":true,"href":"https:\/\/www.noticiasmas.com.ar\/index.php\/wp-json\/wp\/v2\/comments?post=6783"}],"version-history":[{"count":1,"href":"https:\/\/www.noticiasmas.com.ar\/index.php\/wp-json\/wp\/v2\/posts\/6783\/revisions"}],"predecessor-version":[{"id":6785,"href":"https:\/\/www.noticiasmas.com.ar\/index.php\/wp-json\/wp\/v2\/posts\/6783\/revisions\/6785"}],"wp:featuredmedia":[{"embeddable":true,"href":"https:\/\/www.noticiasmas.com.ar\/index.php\/wp-json\/wp\/v2\/media\/6784"}],"wp:attachment":[{"href":"https:\/\/www.noticiasmas.com.ar\/index.php\/wp-json\/wp\/v2\/media?parent=6783"}],"wp:term":[{"taxonomy":"category","embeddable":true,"href":"https:\/\/www.noticiasmas.com.ar\/index.php\/wp-json\/wp\/v2\/categories?post=6783"},{"taxonomy":"post_tag","embeddable":true,"href":"https:\/\/www.noticiasmas.com.ar\/index.php\/wp-json\/wp\/v2\/tags?post=6783"}],"curies":[{"name":"wp","href":"https:\/\/api.w.org\/{rel}","templated":true}]}}