{"id":6842,"date":"2024-05-30T15:39:42","date_gmt":"2024-05-30T18:39:42","guid":{"rendered":"https:\/\/www.noticiasmas.com.ar\/?p=6842"},"modified":"2024-05-30T15:39:43","modified_gmt":"2024-05-30T18:39:43","slug":"dos-camiones-protagonizaron-un-accidente-de-transito-en-la-autopista-a-la-altura-de-san-lorenzo","status":"publish","type":"post","link":"https:\/\/www.noticiasmas.com.ar\/index.php\/2024\/05\/30\/dos-camiones-protagonizaron-un-accidente-de-transito-en-la-autopista-a-la-altura-de-san-lorenzo\/","title":{"rendered":"Dos camiones protagonizaron un accidente de tr\u00e1nsito en la autopista a la altura de San Lorenzo"},"content":{"rendered":"\n<p><\/p>\n\n\n\n<p><em>Se trat\u00f3 de un cami\u00f3n cerealero y otro perteneciente a una empresa de correo. Uno de los transportistas fue derivado al Eva Per\u00f3n por politraumatismos varios.<\/em><\/p>\n\n\n\n<p>Un grave accidente entre dos camiones tuvo lugar este jueves por la madrugada a metros del acceso norte a la ciudad de San Lorenzo sobre la autopista Rosario \u2013 Santa Fe.<\/p>\n\n\n\n<p>Los involucrados fueron dos camiones, uno cerealero conducido por un cordob\u00e9s de 38 a\u00f1os de edad, y otro perteneciente al servicio de log\u00edstica de una empresa de correo comandado por un hombre de 35, oriundo de la ciudad de Rosario.<\/p>\n\n\n\n<figure class=\"wp-block-image size-full\"><img loading=\"lazy\" decoding=\"async\" width=\"720\" height=\"862\" src=\"https:\/\/www.noticiasmas.com.ar\/wp-content\/uploads\/2024\/05\/WhatsApp-Image-2024-05-30-at-09.14.25.jpeg\" alt=\"\" class=\"wp-image-6843\" srcset=\"https:\/\/www.noticiasmas.com.ar\/wp-content\/uploads\/2024\/05\/WhatsApp-Image-2024-05-30-at-09.14.25.jpeg 720w, https:\/\/www.noticiasmas.com.ar\/wp-content\/uploads\/2024\/05\/WhatsApp-Image-2024-05-30-at-09.14.25-251x300.jpeg 251w, https:\/\/www.noticiasmas.com.ar\/wp-content\/uploads\/2024\/05\/WhatsApp-Image-2024-05-30-at-09.14.25-150x180.jpeg 150w, https:\/\/www.noticiasmas.com.ar\/wp-content\/uploads\/2024\/05\/WhatsApp-Image-2024-05-30-at-09.14.25-300x359.jpeg 300w, https:\/\/www.noticiasmas.com.ar\/wp-content\/uploads\/2024\/05\/WhatsApp-Image-2024-05-30-at-09.14.25-696x833.jpeg 696w\" sizes=\"auto, (max-width: 720px) 100vw, 720px\" \/><\/figure>\n\n\n\n<p>La polic\u00eda a\u00fan intenta establecer la mec\u00e1nica del siniestro, producto del cual uno de los camiones termin\u00f3 casi colgado del puente que pasa sobre el arroyo San Lorenzo.<\/p>\n\n\n\n<p>El camionero cordob\u00e9s termin\u00f3 internado en el hospital Eva Per\u00f3n de Granadero Baigorria por politraumatismos y una rotaci\u00f3n de la pierna derecha.<\/p>\n\n\n\n<p>Durante gran parte de la ma\u00f1ana, la autopista, entre el peaje troncal sobre la localidad de Puerto San Mart\u00edn y el acceso a la Ruta Provincial 10 en San Lorenzo, estuvo cortada y restringido el tr\u00e1nsito vehicular sobre estos sectores.<\/p>\n","protected":false},"excerpt":{"rendered":"<p>Se trat\u00f3 de un cami\u00f3n cerealero y otro perteneciente a una empresa de correo. Uno de los transportistas fue derivado al Eva Per\u00f3n por politraumatismos varios. Un grave accidente entre dos camiones tuvo lugar este jueves por la madrugada a metros del acceso norte a la ciudad de San Lorenzo sobre la autopista Rosario \u2013 [&hellip;]<\/p>\n","protected":false},"author":9,"featured_media":6844,"comment_status":"closed","ping_status":"open","sticky":false,"template":"","format":"standard","meta":{"tdm_status":"","tdm_grid_status":"","footnotes":""},"categories":[9],"tags":[223,1032,172,58],"class_list":{"0":"post-6842","1":"post","2":"type-post","3":"status-publish","4":"format-standard","5":"has-post-thumbnail","7":"category-policiales","8":"tag-autopista-rosario-santa-fe","9":"tag-camiones","10":"tag-policiales","11":"tag-san-lorenzo"},"_links":{"self":[{"href":"https:\/\/www.noticiasmas.com.ar\/index.php\/wp-json\/wp\/v2\/posts\/6842","targetHints":{"allow":["GET"]}}],"collection":[{"href":"https:\/\/www.noticiasmas.com.ar\/index.php\/wp-json\/wp\/v2\/posts"}],"about":[{"href":"https:\/\/www.noticiasmas.com.ar\/index.php\/wp-json\/wp\/v2\/types\/post"}],"author":[{"embeddable":true,"href":"https:\/\/www.noticiasmas.com.ar\/index.php\/wp-json\/wp\/v2\/users\/9"}],"replies":[{"embeddable":true,"href":"https:\/\/www.noticiasmas.com.ar\/index.php\/wp-json\/wp\/v2\/comments?post=6842"}],"version-history":[{"count":1,"href":"https:\/\/www.noticiasmas.com.ar\/index.php\/wp-json\/wp\/v2\/posts\/6842\/revisions"}],"predecessor-version":[{"id":6845,"href":"https:\/\/www.noticiasmas.com.ar\/index.php\/wp-json\/wp\/v2\/posts\/6842\/revisions\/6845"}],"wp:featuredmedia":[{"embeddable":true,"href":"https:\/\/www.noticiasmas.com.ar\/index.php\/wp-json\/wp\/v2\/media\/6844"}],"wp:attachment":[{"href":"https:\/\/www.noticiasmas.com.ar\/index.php\/wp-json\/wp\/v2\/media?parent=6842"}],"wp:term":[{"taxonomy":"category","embeddable":true,"href":"https:\/\/www.noticiasmas.com.ar\/index.php\/wp-json\/wp\/v2\/categories?post=6842"},{"taxonomy":"post_tag","embeddable":true,"href":"https:\/\/www.noticiasmas.com.ar\/index.php\/wp-json\/wp\/v2\/tags?post=6842"}],"curies":[{"name":"wp","href":"https:\/\/api.w.org\/{rel}","templated":true}]}}