{"id":6931,"date":"2024-06-04T15:58:54","date_gmt":"2024-06-04T18:58:54","guid":{"rendered":"https:\/\/www.noticiasmas.com.ar\/?p=6931"},"modified":"2024-06-04T15:58:56","modified_gmt":"2024-06-04T18:58:56","slug":"prohibicion-de-los-trapitos-desde-el-concejo-de-san-lorenzo-apuntan-al-orden-y-la-seguridad","status":"publish","type":"post","link":"https:\/\/www.noticiasmas.com.ar\/index.php\/2024\/06\/04\/prohibicion-de-los-trapitos-desde-el-concejo-de-san-lorenzo-apuntan-al-orden-y-la-seguridad\/","title":{"rendered":"Prohibici\u00f3n de los trapitos: desde el Concejo de San Lorenzo apuntan al \u201corden y la seguridad\u201d"},"content":{"rendered":"\n<p><\/p>\n\n\n\n<p><em>El concejal Dami\u00e1n Perassi dio cuenta de los alcances que tendr\u00e1 la nueva ordenanza que establece formar en oficios a los trapitos y limpiavidrios que sean sanlorencinos y realicen esta actividad ilegal en la ciudad.<\/em><\/p>\n\n\n\n<p>El Concejo Municipal aprob\u00f3 este lunes la ordenanza que <strong>proh\u00edbe la actividad en la v\u00eda p\u00fablica de trapitos o cuidacoches y limpiavidrios.<\/strong> La votaci\u00f3n tuvo aceptaci\u00f3n mayoritaria (7 votos a favor sobre 8 posibles) y comenzar\u00e1 a regir en los pr\u00f3ximos d\u00edas.<\/p>\n\n\n\n<p>\u201cBuscamos la forma de <strong>poder lograr una convivencia que aporte orden y seguridad. Una persona que te est\u00e1 limpiando el vidrio o vendiendo medias en medio de los autos en movimiento genera un peligro<\/strong>\u201d, sostuvo el concejal<strong> Dami\u00e1n Perassi<\/strong> a <strong>Noticias Mas<\/strong>, al ser consultado sobre el proyecto.<\/p>\n\n\n\n<p>De esta forma, la ciudad de San Lorenzo no permitir\u00e1 esta actividad dentro de los l\u00edmites del municipio. Habr\u00e1 multas econ\u00f3micas para aquellos que sean denunciados e incurran en esta contravensi\u00f3n.<\/p>\n\n\n\n<p>&#8220;Hay delito, que se marca en extorsi\u00f3n, si alguien te dicen <em>\u2018no me das esto y te rompo el auto\u2019<\/em>, ah\u00ed ya act\u00faa la polic\u00eda mediante denuncia al 911. La ordenanza propone, a trav\u00e9s de la Secretaria de Gobierno, una intervenci\u00f3n informando que esta actividad no est\u00e1 permitida dentro de la ciudad y que si es su \u00fanico medio de vida se lo acompa\u00f1a a trav\u00e9s de Desarrollo Social con herramientas de inserci\u00f3n laboral\u201d, detall\u00f3 el edil.<\/p>\n\n\n\n<figure class=\"wp-block-embed is-type-wp-embed is-provider-noticias-mas wp-block-embed-noticias-mas\"><div class=\"wp-block-embed__wrapper\">\n<blockquote class=\"wp-embedded-content\" data-secret=\"pStgqj0W5Y\"><a href=\"https:\/\/www.noticiasmas.com.ar\/index.php\/2024\/06\/04\/prohibieron-los-trapitos-y-limpiavidrios-en-las-calles-de-san-lorenzo\/\">Prohibieron los trapitos y limpiavidrios en las calles de San Lorenzo<\/a><\/blockquote><iframe loading=\"lazy\" class=\"wp-embedded-content\" sandbox=\"allow-scripts\" security=\"restricted\" style=\"position: absolute; clip: rect(1px, 1px, 1px, 1px);\" title=\"&#8220;Prohibieron los trapitos y limpiavidrios en las calles de San Lorenzo&#8221; &#8212; Noticias Mas\" src=\"https:\/\/www.noticiasmas.com.ar\/index.php\/2024\/06\/04\/prohibieron-los-trapitos-y-limpiavidrios-en-las-calles-de-san-lorenzo\/embed\/#?secret=bnPf3hKX6z#?secret=pStgqj0W5Y\" data-secret=\"pStgqj0W5Y\" width=\"600\" height=\"338\" frameborder=\"0\" marginwidth=\"0\" marginheight=\"0\" scrolling=\"no\"><\/iframe>\n<\/div><\/figure>\n\n\n\n<p>\u201cEl reclamo arranca por los vecinos que se ven sometidos en muchos casos a extorsiones y da\u00f1os en la propiedad cuando no se les da la ayuda que discrecionalmente piden los trapitos. No existe ning\u00fan par\u00e1metro para saber cu\u00e1nto es el precio de cuidar el coche, es una actividad que sabemos es ileg\u00edtima\u201d, agreg\u00f3 el concejal.<\/p>\n\n\n\n<p>Rosario implement\u00f3 iniciativas como esta, al igual que la Ciudad de Santa Fe, donde se prohibi\u00f3 la actividad luego de intentar un proyecto que la normalice.<\/p>\n","protected":false},"excerpt":{"rendered":"<p>El concejal Dami\u00e1n Perassi dio cuenta de los alcances que tendr\u00e1 la nueva ordenanza que establece formar en oficios a los trapitos y limpiavidrios que sean sanlorencinos y realicen esta actividad ilegal en la ciudad. El Concejo Municipal aprob\u00f3 este lunes la ordenanza que proh\u00edbe la actividad en la v\u00eda p\u00fablica de trapitos o cuidacoches [&hellip;]<\/p>\n","protected":false},"author":9,"featured_media":6932,"comment_status":"closed","ping_status":"open","sticky":false,"template":"","format":"standard","meta":{"tdm_status":"","tdm_grid_status":"","footnotes":""},"categories":[13],"tags":[68,58,2373],"class_list":{"0":"post-6931","1":"post","2":"type-post","3":"status-publish","4":"format-standard","5":"has-post-thumbnail","7":"category-region","8":"tag-concejo-municipal","9":"tag-san-lorenzo","10":"tag-trapitos"},"_links":{"self":[{"href":"https:\/\/www.noticiasmas.com.ar\/index.php\/wp-json\/wp\/v2\/posts\/6931","targetHints":{"allow":["GET"]}}],"collection":[{"href":"https:\/\/www.noticiasmas.com.ar\/index.php\/wp-json\/wp\/v2\/posts"}],"about":[{"href":"https:\/\/www.noticiasmas.com.ar\/index.php\/wp-json\/wp\/v2\/types\/post"}],"author":[{"embeddable":true,"href":"https:\/\/www.noticiasmas.com.ar\/index.php\/wp-json\/wp\/v2\/users\/9"}],"replies":[{"embeddable":true,"href":"https:\/\/www.noticiasmas.com.ar\/index.php\/wp-json\/wp\/v2\/comments?post=6931"}],"version-history":[{"count":1,"href":"https:\/\/www.noticiasmas.com.ar\/index.php\/wp-json\/wp\/v2\/posts\/6931\/revisions"}],"predecessor-version":[{"id":6933,"href":"https:\/\/www.noticiasmas.com.ar\/index.php\/wp-json\/wp\/v2\/posts\/6931\/revisions\/6933"}],"wp:featuredmedia":[{"embeddable":true,"href":"https:\/\/www.noticiasmas.com.ar\/index.php\/wp-json\/wp\/v2\/media\/6932"}],"wp:attachment":[{"href":"https:\/\/www.noticiasmas.com.ar\/index.php\/wp-json\/wp\/v2\/media?parent=6931"}],"wp:term":[{"taxonomy":"category","embeddable":true,"href":"https:\/\/www.noticiasmas.com.ar\/index.php\/wp-json\/wp\/v2\/categories?post=6931"},{"taxonomy":"post_tag","embeddable":true,"href":"https:\/\/www.noticiasmas.com.ar\/index.php\/wp-json\/wp\/v2\/tags?post=6931"}],"curies":[{"name":"wp","href":"https:\/\/api.w.org\/{rel}","templated":true}]}}