{"id":6961,"date":"2024-06-05T15:53:11","date_gmt":"2024-06-05T18:53:11","guid":{"rendered":"https:\/\/www.noticiasmas.com.ar\/?p=6961"},"modified":"2024-06-05T15:53:15","modified_gmt":"2024-06-05T18:53:15","slug":"menos-camiones-circulan-por-el-cordon-industrial-y-disminuye-la-entrada-de-divisas-al-pais","status":"publish","type":"post","link":"https:\/\/www.noticiasmas.com.ar\/index.php\/2024\/06\/05\/menos-camiones-circulan-por-el-cordon-industrial-y-disminuye-la-entrada-de-divisas-al-pais\/","title":{"rendered":"Menos camiones circulan por el cord\u00f3n industrial y disminuye la entrada de divisas al pa\u00eds"},"content":{"rendered":"\n<p><\/p>\n\n\n\n<p>Desde la <strong>Agencia Provincial de Seguridad Vial<\/strong> reconocieron una <strong>merma en el tr\u00e1nsito de camiones<\/strong>, algo que condice con los n\u00fameros que miden las terminales agroexportadoras con respecto a la salida de granos hacia el exterior.<\/p>\n\n\n\n<p>En la regi\u00f3n, el tr\u00e1nsito diario de <strong>camiones <\/strong>apenas sobrepasa los <strong>3500 <\/strong>desde hace ya varias semanas. Los transportes de cargas llegan cada vez menos a los puertos del Cord\u00f3n Industrial, y eso se debe a diferentes factores.<\/p>\n\n\n\n<p>\u201c<strong>Hoy se retras\u00f3 (la llegada de camiones) por las lluvias y el clima<\/strong>, seguramente tambi\u00e9n po<strong>r la situaci\u00f3n econ\u00f3mica, la especulaci\u00f3n por el tema del d\u00f3lar y la liquidaci\u00f3n de divisas de los productores\u201d<\/strong>, reconoci\u00f3 <strong>Carlos Torres<\/strong>, director de la APSV.<\/p>\n\n\n\n<p>La venta de granos hacia el exterior no es la esperada. Desde la <strong>C\u00e1mara de la Industria Aceitera de la Rep\u00fablica Argentina (CIARA)<\/strong> informaron que mayo tuvo una <strong>ca\u00edda de la liquidaci\u00f3n de granos del 38% interanual.<\/strong> Los porotos no llegan a los puertos, por ende no hay transacciones en d\u00f3lares y no hay moneda extranjera que entre al pa\u00eds.<\/p>\n\n\n\n<p>El informe indica que solo ingresaron U$1.600 millones de d\u00f3lares. Para tener contexto, la liquidaci\u00f3n de mayo de 2020, plena pandemia, fue de U$1.945 millones.<\/p>\n\n\n\n<figure class=\"wp-block-image size-large\"><img loading=\"lazy\" decoding=\"async\" width=\"1024\" height=\"683\" src=\"https:\/\/www.noticiasmas.com.ar\/wp-content\/uploads\/2024\/06\/silobolsasarg-1024x683.jpg\" alt=\"\" class=\"wp-image-6962\" srcset=\"https:\/\/www.noticiasmas.com.ar\/wp-content\/uploads\/2024\/06\/silobolsasarg-1024x683.jpg 1024w, https:\/\/www.noticiasmas.com.ar\/wp-content\/uploads\/2024\/06\/silobolsasarg-300x200.jpg 300w, https:\/\/www.noticiasmas.com.ar\/wp-content\/uploads\/2024\/06\/silobolsasarg-768x512.jpg 768w, https:\/\/www.noticiasmas.com.ar\/wp-content\/uploads\/2024\/06\/silobolsasarg-1536x1024.jpg 1536w, https:\/\/www.noticiasmas.com.ar\/wp-content\/uploads\/2024\/06\/silobolsasarg-150x100.jpg 150w, https:\/\/www.noticiasmas.com.ar\/wp-content\/uploads\/2024\/06\/silobolsasarg-696x464.jpg 696w, https:\/\/www.noticiasmas.com.ar\/wp-content\/uploads\/2024\/06\/silobolsasarg-1068x712.jpg 1068w, https:\/\/www.noticiasmas.com.ar\/wp-content\/uploads\/2024\/06\/silobolsasarg.jpg 1620w\" sizes=\"auto, (max-width: 1024px) 100vw, 1024px\" \/><\/figure>\n\n\n\n<p>Desde la entidad que agrupa a los grandes jugadores del negocio de granos de la Argentina reconocen que la cosecha est\u00e1 atrasada por inundaciones y cuestiones clim\u00e1ticas, pero no dejan de lada que el tipo de cambio no es competitivo para los productores y por eso el cereal aguarda en las silobolsas.<\/p>\n\n\n\n<p>\u00bfLa soluci\u00f3n? Al menos para el sector agropecuario, es una <strong>devaluaci\u00f3n<\/strong>, la que posiblemente se negocie en los pr\u00f3ximos d\u00edas, seg\u00fan reconocen fuentes ligadas al Gobierno, debido a la necesidad imperiosa de cada presidente durante esta \u00e9poca del a\u00f1o de que el dinero de la agroexportaci\u00f3n ingrese r\u00e1pidamente a esta altura.<\/p>\n","protected":false},"excerpt":{"rendered":"<p>Desde la Agencia Provincial de Seguridad Vial reconocieron una merma en el tr\u00e1nsito de camiones, algo que condice con los n\u00fameros que miden las terminales agroexportadoras con respecto a la salida de granos hacia el exterior. En la regi\u00f3n, el tr\u00e1nsito diario de camiones apenas sobrepasa los 3500 desde hace ya varias semanas. Los transportes [&hellip;]<\/p>\n","protected":false},"author":9,"featured_media":5633,"comment_status":"closed","ping_status":"open","sticky":false,"template":"","format":"standard","meta":{"tdm_status":"","tdm_grid_status":"","footnotes":""},"categories":[1],"tags":[1032,876,33,692,18,2194],"class_list":{"0":"post-6961","1":"post","2":"type-post","3":"status-publish","4":"format-standard","5":"has-post-thumbnail","7":"category-nacionales","8":"tag-camiones","9":"tag-exportacion","10":"tag-granos","11":"tag-industria","12":"tag-santa-fe","13":"tag-transito-pesado"},"_links":{"self":[{"href":"https:\/\/www.noticiasmas.com.ar\/index.php\/wp-json\/wp\/v2\/posts\/6961","targetHints":{"allow":["GET"]}}],"collection":[{"href":"https:\/\/www.noticiasmas.com.ar\/index.php\/wp-json\/wp\/v2\/posts"}],"about":[{"href":"https:\/\/www.noticiasmas.com.ar\/index.php\/wp-json\/wp\/v2\/types\/post"}],"author":[{"embeddable":true,"href":"https:\/\/www.noticiasmas.com.ar\/index.php\/wp-json\/wp\/v2\/users\/9"}],"replies":[{"embeddable":true,"href":"https:\/\/www.noticiasmas.com.ar\/index.php\/wp-json\/wp\/v2\/comments?post=6961"}],"version-history":[{"count":1,"href":"https:\/\/www.noticiasmas.com.ar\/index.php\/wp-json\/wp\/v2\/posts\/6961\/revisions"}],"predecessor-version":[{"id":6963,"href":"https:\/\/www.noticiasmas.com.ar\/index.php\/wp-json\/wp\/v2\/posts\/6961\/revisions\/6963"}],"wp:featuredmedia":[{"embeddable":true,"href":"https:\/\/www.noticiasmas.com.ar\/index.php\/wp-json\/wp\/v2\/media\/5633"}],"wp:attachment":[{"href":"https:\/\/www.noticiasmas.com.ar\/index.php\/wp-json\/wp\/v2\/media?parent=6961"}],"wp:term":[{"taxonomy":"category","embeddable":true,"href":"https:\/\/www.noticiasmas.com.ar\/index.php\/wp-json\/wp\/v2\/categories?post=6961"},{"taxonomy":"post_tag","embeddable":true,"href":"https:\/\/www.noticiasmas.com.ar\/index.php\/wp-json\/wp\/v2\/tags?post=6961"}],"curies":[{"name":"wp","href":"https:\/\/api.w.org\/{rel}","templated":true}]}}