{"id":7170,"date":"2024-06-14T15:04:36","date_gmt":"2024-06-14T18:04:36","guid":{"rendered":"https:\/\/www.noticiasmas.com.ar\/?p=7170"},"modified":"2024-06-14T15:04:37","modified_gmt":"2024-06-14T18:04:37","slug":"encontraron-el-auto-del-hombre-asesinado-en-andino-el-cual-se-habria-usado-para-un-robo-en-totoras","status":"publish","type":"post","link":"https:\/\/www.noticiasmas.com.ar\/index.php\/2024\/06\/14\/encontraron-el-auto-del-hombre-asesinado-en-andino-el-cual-se-habria-usado-para-un-robo-en-totoras\/","title":{"rendered":"Encontraron el auto del hombre asesinado en Andino, el cual se habr\u00eda usado para un robo en Totoras"},"content":{"rendered":"\n<p><\/p>\n\n\n\n<p><em>Jorge Leguizam\u00f3n, de 67 a\u00f1os de edad, fue asesinado el pasado 9 de abril en su vivienda del barrio Quebradas de Andino 2. Los presuntos autores del crimen se hab\u00edan llevado el autom\u00f3vil de la v\u00edctima<\/em><\/p>\n\n\n\n<p>Varios delincuentes perpetraron un robo en Totoras este mi\u00e9rcoles y utilizaron para escapar un veh\u00edculo Chevrolet Onix propiedad del hombre de 67 a\u00f1os de edad que hab\u00eda sido asesinado el pasado 9 de abril en Pueblo Andino.<\/p>\n\n\n\n<p>Una pareja totorense inform\u00f3 que sufri\u00f3 un robo en su vivienda de Belgrano al 1900. All\u00ed, un grupo de personas exigi\u00f3 dinero en efectivo con armas de fuego, golpearon a los propietarios de la vivienda y se fueron en un veh\u00edculo.<\/p>\n\n\n\n<figure class=\"wp-block-embed\"><div class=\"wp-block-embed__wrapper\">\n<blockquote class=\"wp-embedded-content\" data-secret=\"Gl92pb8fJu\"><a href=\"https:\/\/www.noticiasmas.com.ar\/index.php\/2024\/04\/10\/crimen-en-andino-el-auto-de-la-victima-abre-la-posibilidad-de-que-se-haya-tratado-de-un-robo\/\">Crimen en Andino: el auto de la v\u00edctima abre la posibilidad de que se haya tratado de un robo<\/a><\/blockquote><iframe loading=\"lazy\" class=\"wp-embedded-content\" sandbox=\"allow-scripts\" security=\"restricted\" style=\"position: absolute; clip: rect(1px, 1px, 1px, 1px);\" title=\"&#8220;Crimen en Andino: el auto de la v\u00edctima abre la posibilidad de que se haya tratado de un robo&#8221; &#8212; Noticias Mas\" src=\"https:\/\/www.noticiasmas.com.ar\/index.php\/2024\/04\/10\/crimen-en-andino-el-auto-de-la-victima-abre-la-posibilidad-de-que-se-haya-tratado-de-un-robo\/embed\/#?secret=ZFVKFgMsG4#?secret=Gl92pb8fJu\" data-secret=\"Gl92pb8fJu\" width=\"600\" height=\"338\" frameborder=\"0\" marginwidth=\"0\" marginheight=\"0\" scrolling=\"no\"><\/iframe>\n<\/div><\/figure>\n\n\n\n<p>Este autom\u00f3vil es el que hab\u00eda desaparecido tras el crimen del Jorge Leguizam\u00f3n, quien fue asesinado el pasado 9 de abril en su vivienda del barrio Quebradas de Andino 2.<\/p>\n\n\n\n<p>Por este hecho, a\u00fan no hay personas detenidas y la investigaci\u00f3n por homicidio calificado contin\u00faa sin grandes avances.<\/p>\n","protected":false},"excerpt":{"rendered":"<p>Jorge Leguizam\u00f3n, de 67 a\u00f1os de edad, fue asesinado el pasado 9 de abril en su vivienda del barrio Quebradas de Andino 2. Los presuntos autores del crimen se hab\u00edan llevado el autom\u00f3vil de la v\u00edctima Varios delincuentes perpetraron un robo en Totoras este mi\u00e9rcoles y utilizaron para escapar un veh\u00edculo Chevrolet Onix propiedad del [&hellip;]<\/p>\n","protected":false},"author":9,"featured_media":7171,"comment_status":"closed","ping_status":"open","sticky":false,"template":"","format":"standard","meta":{"tdm_status":"","tdm_grid_status":"","footnotes":""},"categories":[9],"tags":[172,109,32,2236],"class_list":{"0":"post-7170","1":"post","2":"type-post","3":"status-publish","4":"format-standard","5":"has-post-thumbnail","7":"category-policiales","8":"tag-policiales","9":"tag-pueblo-andino","10":"tag-robo","11":"tag-totoras"},"_links":{"self":[{"href":"https:\/\/www.noticiasmas.com.ar\/index.php\/wp-json\/wp\/v2\/posts\/7170","targetHints":{"allow":["GET"]}}],"collection":[{"href":"https:\/\/www.noticiasmas.com.ar\/index.php\/wp-json\/wp\/v2\/posts"}],"about":[{"href":"https:\/\/www.noticiasmas.com.ar\/index.php\/wp-json\/wp\/v2\/types\/post"}],"author":[{"embeddable":true,"href":"https:\/\/www.noticiasmas.com.ar\/index.php\/wp-json\/wp\/v2\/users\/9"}],"replies":[{"embeddable":true,"href":"https:\/\/www.noticiasmas.com.ar\/index.php\/wp-json\/wp\/v2\/comments?post=7170"}],"version-history":[{"count":1,"href":"https:\/\/www.noticiasmas.com.ar\/index.php\/wp-json\/wp\/v2\/posts\/7170\/revisions"}],"predecessor-version":[{"id":7172,"href":"https:\/\/www.noticiasmas.com.ar\/index.php\/wp-json\/wp\/v2\/posts\/7170\/revisions\/7172"}],"wp:featuredmedia":[{"embeddable":true,"href":"https:\/\/www.noticiasmas.com.ar\/index.php\/wp-json\/wp\/v2\/media\/7171"}],"wp:attachment":[{"href":"https:\/\/www.noticiasmas.com.ar\/index.php\/wp-json\/wp\/v2\/media?parent=7170"}],"wp:term":[{"taxonomy":"category","embeddable":true,"href":"https:\/\/www.noticiasmas.com.ar\/index.php\/wp-json\/wp\/v2\/categories?post=7170"},{"taxonomy":"post_tag","embeddable":true,"href":"https:\/\/www.noticiasmas.com.ar\/index.php\/wp-json\/wp\/v2\/tags?post=7170"}],"curies":[{"name":"wp","href":"https:\/\/api.w.org\/{rel}","templated":true}]}}