{"id":7195,"date":"2024-06-17T10:26:55","date_gmt":"2024-06-17T13:26:55","guid":{"rendered":"https:\/\/www.noticiasmas.com.ar\/?p=7195"},"modified":"2024-06-17T10:26:58","modified_gmt":"2024-06-17T13:26:58","slug":"pocas-ventas-en-el-dia-del-padre-una-remera-o-un-buzo-liviano-lo-mas-elegido","status":"publish","type":"post","link":"https:\/\/www.noticiasmas.com.ar\/index.php\/2024\/06\/17\/pocas-ventas-en-el-dia-del-padre-una-remera-o-un-buzo-liviano-lo-mas-elegido\/","title":{"rendered":"Pocas ventas en el D\u00eda del Padre: una remera o un buzo liviano, lo m\u00e1s elegido"},"content":{"rendered":"\n<p><\/p>\n\n\n\n<p>Las <strong>ventas <\/strong>para este <strong>D\u00eda del Padre<\/strong> en Argentina tuvieron un <strong>descenso del 10,2% de forma interanual<\/strong>, seg\u00fan informaron desde la <strong>Confederaci\u00f3n Argentina de la Mediana Empresa.<\/strong><\/p>\n\n\n\n<p>En una fecha donde se impulsa el comercio minorista en la previa al receso invernal, las ventas no fueron lo que se preve\u00eda. En el informe elaborado por la entidad, el 71% de los comerciantes consultados sostuvo que no lo tom\u00f3 por sorpresa la ca\u00edda en las ventas, mientras que<strong> el 29% dijo vender menos de lo esperado.<\/strong><\/p>\n\n\n\n<p>Los factores que dieron impulso al sector, siempre de acuerdo al informe ciado, fue la financiaci\u00f3n en cuotas sin inter\u00e9s y descuentos en efectivo, aunque el<strong> ticket promedio<\/strong> para esta fecha fue de <strong>$31.574.<\/strong><\/p>\n\n\n\n<p>Tampoco ayud\u00f3, de acuerdo al testimonio de los comerciantes, el hecho de que la fecha coincida con un fin de semana largo.<\/p>\n\n\n\n<h2 class=\"wp-block-heading\">La ropa fue lo m\u00e1s vendido <\/h2>\n\n\n\n<p>Seg\u00fan CAME, pese a que todos los sectores presentaron una disminuci\u00f3n en sus ventas con respecto a la edici\u00f3n 2023 del D\u00eda del Padre, en lo que es Indumentaria hubo un repunte del 11%.<\/p>\n\n\n\n<p>Niveles de stock altos y precios acordes a las expectativas de los regalos motivaron las compras, a su vez que el tipo de financiaci\u00f3n que pueden impulsar este tipo de comercios es m\u00e1s af\u00edn a las aspiraciones de demandantes y oferentes.<\/p>\n\n\n\n<p>El ticket promedio fue de $29.379. \u00bfEn qu\u00e9 se traduce? Una <strong>remera<\/strong> de una marca de primera l\u00ednea, o un <strong>abrigo liviano<\/strong> discontinuado.<\/p>\n\n\n\n<p>Otros sectores declararon un peor rendimiento que en 2023, como por ejemplo Librer\u00edas, con descenso del 11,9%, Accesorios y equipos celulares, con un 29,2%, y Cosm\u00e9ticos y Perfumer\u00eda con 37,4%.<\/p>\n\n\n\n<p>Estos sectores van en sinton\u00eda con la ca\u00edda generalizada de ventas que sufren a nivel general producto de la recesi\u00f3n econ\u00f3mica.<\/p>\n","protected":false},"excerpt":{"rendered":"<p>Las ventas para este D\u00eda del Padre en Argentina tuvieron un descenso del 10,2% de forma interanual, seg\u00fan informaron desde la Confederaci\u00f3n Argentina de la Mediana Empresa. En una fecha donde se impulsa el comercio minorista en la previa al receso invernal, las ventas no fueron lo que se preve\u00eda. En el informe elaborado por [&hellip;]<\/p>\n","protected":false},"author":9,"featured_media":7196,"comment_status":"closed","ping_status":"open","sticky":false,"template":"","format":"standard","meta":{"tdm_status":"","tdm_grid_status":"","footnotes":""},"categories":[2],"tags":[423,332,2377,104,331,2450,1120],"class_list":{"0":"post-7195","1":"post","2":"type-post","3":"status-publish","4":"format-standard","5":"has-post-thumbnail","7":"category-economia","8":"tag-came","9":"tag-compras","10":"tag-dia-del-padre","11":"tag-economia","12":"tag-informes","13":"tag-recesion","14":"tag-ventas"},"_links":{"self":[{"href":"https:\/\/www.noticiasmas.com.ar\/index.php\/wp-json\/wp\/v2\/posts\/7195","targetHints":{"allow":["GET"]}}],"collection":[{"href":"https:\/\/www.noticiasmas.com.ar\/index.php\/wp-json\/wp\/v2\/posts"}],"about":[{"href":"https:\/\/www.noticiasmas.com.ar\/index.php\/wp-json\/wp\/v2\/types\/post"}],"author":[{"embeddable":true,"href":"https:\/\/www.noticiasmas.com.ar\/index.php\/wp-json\/wp\/v2\/users\/9"}],"replies":[{"embeddable":true,"href":"https:\/\/www.noticiasmas.com.ar\/index.php\/wp-json\/wp\/v2\/comments?post=7195"}],"version-history":[{"count":1,"href":"https:\/\/www.noticiasmas.com.ar\/index.php\/wp-json\/wp\/v2\/posts\/7195\/revisions"}],"predecessor-version":[{"id":7197,"href":"https:\/\/www.noticiasmas.com.ar\/index.php\/wp-json\/wp\/v2\/posts\/7195\/revisions\/7197"}],"wp:featuredmedia":[{"embeddable":true,"href":"https:\/\/www.noticiasmas.com.ar\/index.php\/wp-json\/wp\/v2\/media\/7196"}],"wp:attachment":[{"href":"https:\/\/www.noticiasmas.com.ar\/index.php\/wp-json\/wp\/v2\/media?parent=7195"}],"wp:term":[{"taxonomy":"category","embeddable":true,"href":"https:\/\/www.noticiasmas.com.ar\/index.php\/wp-json\/wp\/v2\/categories?post=7195"},{"taxonomy":"post_tag","embeddable":true,"href":"https:\/\/www.noticiasmas.com.ar\/index.php\/wp-json\/wp\/v2\/tags?post=7195"}],"curies":[{"name":"wp","href":"https:\/\/api.w.org\/{rel}","templated":true}]}}