{"id":7206,"date":"2024-06-18T10:15:22","date_gmt":"2024-06-18T13:15:22","guid":{"rendered":"https:\/\/www.noticiasmas.com.ar\/?p=7206"},"modified":"2024-06-18T10:15:24","modified_gmt":"2024-06-18T13:15:24","slug":"milei-viene-a-rosario-por-el-dia-de-la-bandera-y-la-politica-santafesina-lo-celebra","status":"publish","type":"post","link":"https:\/\/www.noticiasmas.com.ar\/index.php\/2024\/06\/18\/milei-viene-a-rosario-por-el-dia-de-la-bandera-y-la-politica-santafesina-lo-celebra\/","title":{"rendered":"Milei viene a Rosario por el D\u00eda de la Bandera y la pol\u00edtica santafesina lo celebra"},"content":{"rendered":"\n<p><\/p>\n\n\n\n<p><em>La visita del presidente a la ciudad por el d\u00eda de la insignia patria ser\u00e1 esperada por todo el arco pol\u00edtico local. De igual modo, ser\u00eda positivo que sea una costumbre que no se pierda solo en lo circunstancial.<\/em><\/p>\n\n\n\n<p><strong>Javier Milei<\/strong> anunci\u00f3 su visita a la <strong>ciudad de Rosario<\/strong> para el pr\u00f3ximo <strong>jueves 20 de junio<\/strong>, en el acto central por el <strong>D\u00eda de la Bandera<\/strong>.<\/p>\n\n\n\n<p>Rosario tendr\u00e1 la visita de un presidente en ejercicio, algo que no ocurr\u00eda desde 2017, cuando Mauricio Macri ensay\u00f3 una especie de acto protocolar sumamente restringido al p\u00fablico y de muy breve duraci\u00f3n. Alberto Fern\u00e1ndez tuvo ausencia completa a las ceremonias, y Milei vuelve a abrir la posibilidad de visitar asiduamente la ciudad en esta jornada patria, algo que Cristina Fern\u00e1ndez de Kirchner hab\u00eda ejercido durante su \u00faltimo per\u00edodo como presidenta.<\/p>\n\n\n\n<figure class=\"wp-block-image size-large\"><img loading=\"lazy\" decoding=\"async\" width=\"1024\" height=\"658\" src=\"https:\/\/www.noticiasmas.com.ar\/wp-content\/uploads\/2024\/06\/cristinadiadelabandera-1024x658.jpg\" alt=\"\" class=\"wp-image-7207\" srcset=\"https:\/\/www.noticiasmas.com.ar\/wp-content\/uploads\/2024\/06\/cristinadiadelabandera-1024x658.jpg 1024w, https:\/\/www.noticiasmas.com.ar\/wp-content\/uploads\/2024\/06\/cristinadiadelabandera-300x193.jpg 300w, https:\/\/www.noticiasmas.com.ar\/wp-content\/uploads\/2024\/06\/cristinadiadelabandera-768x493.jpg 768w, https:\/\/www.noticiasmas.com.ar\/wp-content\/uploads\/2024\/06\/cristinadiadelabandera-1536x986.jpg 1536w, https:\/\/www.noticiasmas.com.ar\/wp-content\/uploads\/2024\/06\/cristinadiadelabandera-2048x1315.jpg 2048w, https:\/\/www.noticiasmas.com.ar\/wp-content\/uploads\/2024\/06\/cristinadiadelabandera-150x96.jpg 150w, https:\/\/www.noticiasmas.com.ar\/wp-content\/uploads\/2024\/06\/cristinadiadelabandera-696x447.jpg 696w, https:\/\/www.noticiasmas.com.ar\/wp-content\/uploads\/2024\/06\/cristinadiadelabandera-1068x686.jpg 1068w, https:\/\/www.noticiasmas.com.ar\/wp-content\/uploads\/2024\/06\/cristinadiadelabandera-1920x1233.jpg 1920w\" sizes=\"auto, (max-width: 1024px) 100vw, 1024px\" \/><\/figure>\n\n\n\n<p>Que la figura del presidente est\u00e9 presente en el acto es un signo positivo para los ideales constitucionales que un pa\u00eds como Argentina deber\u00eda tener. Todo ello pese a que, en much\u00edsimas oportunidades, el discurso del actual presidente Milei circula por espacios globalistas y de alineaci\u00f3n casi total con el capital internacional extorsivo.<\/p>\n\n\n\n<p>Hoy Milei tiene un capital invaluable en la pol\u00edtica, que es la capacidad de movilizar masas. Es innegable que la simple figura del presidente convoca, mucho m\u00e1s all\u00e1 de sus decisiones y de sus dichos, y esa popularidad org\u00e1nica solo la supo tener los representantes peronistas, aunque mucho m\u00e1s institucionalizada.<\/p>\n\n\n\n<h2 class=\"wp-block-heading\">Rosario siempre estuvo cerca<\/h2>\n\n\n\n<p>En Santa Fe tambi\u00e9n celebrar\u00e1n la cercan\u00eda del presidente a la ciudad en una fecha tan importante como este 20 de junio. Para el intendente rosarino <strong>Pablo Javkin<\/strong>, ser\u00e1 la posibilidad de, al menos para los medios, elevar una vez m\u00e1s reclamos del \u00edndole local, como el transporte p\u00fablico de pasajeros y la discriminaci\u00f3n que sufre la regi\u00f3n con el reparto de los subsidios a servicios, en donde Capital Federal es beneficiada.<\/p>\n\n\n\n<p>Misma situaci\u00f3n tendr\u00e1 <strong>Maximiliano Pullaro<\/strong>, quien adem\u00e1s abri\u00f3 las puertas a que La Libertad Avanza ingrese en el \u201cfrente de frentes\u201d en vistas a las elecciones legislativas de 2025, y por qu\u00e9 no, sirve para tender lazos y no dejar escapar el tren libertario.<\/p>\n\n\n\n<figure class=\"wp-block-image size-large\"><img loading=\"lazy\" decoding=\"async\" width=\"1024\" height=\"683\" src=\"https:\/\/www.noticiasmas.com.ar\/wp-content\/uploads\/2024\/06\/punta-quebracho-pullaro-1024x683.jpg\" alt=\"\" class=\"wp-image-6937\" srcset=\"https:\/\/www.noticiasmas.com.ar\/wp-content\/uploads\/2024\/06\/punta-quebracho-pullaro-1024x683.jpg 1024w, https:\/\/www.noticiasmas.com.ar\/wp-content\/uploads\/2024\/06\/punta-quebracho-pullaro-300x200.jpg 300w, https:\/\/www.noticiasmas.com.ar\/wp-content\/uploads\/2024\/06\/punta-quebracho-pullaro-768x512.jpg 768w, https:\/\/www.noticiasmas.com.ar\/wp-content\/uploads\/2024\/06\/punta-quebracho-pullaro-150x100.jpg 150w, https:\/\/www.noticiasmas.com.ar\/wp-content\/uploads\/2024\/06\/punta-quebracho-pullaro-696x464.jpg 696w, https:\/\/www.noticiasmas.com.ar\/wp-content\/uploads\/2024\/06\/punta-quebracho-pullaro-1068x712.jpg 1068w, https:\/\/www.noticiasmas.com.ar\/wp-content\/uploads\/2024\/06\/punta-quebracho-pullaro.jpg 1200w\" sizes=\"auto, (max-width: 1024px) 100vw, 1024px\" \/><\/figure>\n\n\n\n<p>En contrapartida, los <strong>sindicatos y las fuerzas pol\u00edticas <\/strong>que militan en las ant\u00edpodas del presidente podr\u00e1n tener una jornada donde manifestar su rechazo, principalmente, a la Ley Bases que se votar\u00eda una semana despu\u00e9s en C\u00e1mara de Diputados.<\/p>\n\n\n\n<p>Ser\u00e1 una jornada agitada en el inicio del fin de semana largo, algo que tambi\u00e9n la ciudad esperar\u00e1 capitalizar desde el turismo regional, pero sin lugar a dudas es una noticia positiva que el presidente de la Naci\u00f3n visite Rosario en el D\u00eda de la Bandera. Ojal\u00e1, sea quien sea, se haga costumbre.<\/p>\n","protected":false},"excerpt":{"rendered":"<p>La visita del presidente a la ciudad por el d\u00eda de la insignia patria ser\u00e1 esperada por todo el arco pol\u00edtico local. De igual modo, ser\u00eda positivo que sea una costumbre que no se pierda solo en lo circunstancial. Javier Milei anunci\u00f3 su visita a la ciudad de Rosario para el pr\u00f3ximo jueves 20 de [&hellip;]<\/p>\n","protected":false},"author":9,"featured_media":7208,"comment_status":"closed","ping_status":"open","sticky":false,"template":"","format":"standard","meta":{"tdm_status":"","tdm_grid_status":"","footnotes":""},"categories":[8],"tags":[2454,60,102,404,163],"class_list":{"0":"post-7206","1":"post","2":"type-post","3":"status-publish","4":"format-standard","5":"has-post-thumbnail","7":"category-politica","8":"tag-dia-de-la-bandera","9":"tag-javier-milei","10":"tag-milei","11":"tag-presidente","12":"tag-rosario"},"_links":{"self":[{"href":"https:\/\/www.noticiasmas.com.ar\/index.php\/wp-json\/wp\/v2\/posts\/7206","targetHints":{"allow":["GET"]}}],"collection":[{"href":"https:\/\/www.noticiasmas.com.ar\/index.php\/wp-json\/wp\/v2\/posts"}],"about":[{"href":"https:\/\/www.noticiasmas.com.ar\/index.php\/wp-json\/wp\/v2\/types\/post"}],"author":[{"embeddable":true,"href":"https:\/\/www.noticiasmas.com.ar\/index.php\/wp-json\/wp\/v2\/users\/9"}],"replies":[{"embeddable":true,"href":"https:\/\/www.noticiasmas.com.ar\/index.php\/wp-json\/wp\/v2\/comments?post=7206"}],"version-history":[{"count":1,"href":"https:\/\/www.noticiasmas.com.ar\/index.php\/wp-json\/wp\/v2\/posts\/7206\/revisions"}],"predecessor-version":[{"id":7209,"href":"https:\/\/www.noticiasmas.com.ar\/index.php\/wp-json\/wp\/v2\/posts\/7206\/revisions\/7209"}],"wp:featuredmedia":[{"embeddable":true,"href":"https:\/\/www.noticiasmas.com.ar\/index.php\/wp-json\/wp\/v2\/media\/7208"}],"wp:attachment":[{"href":"https:\/\/www.noticiasmas.com.ar\/index.php\/wp-json\/wp\/v2\/media?parent=7206"}],"wp:term":[{"taxonomy":"category","embeddable":true,"href":"https:\/\/www.noticiasmas.com.ar\/index.php\/wp-json\/wp\/v2\/categories?post=7206"},{"taxonomy":"post_tag","embeddable":true,"href":"https:\/\/www.noticiasmas.com.ar\/index.php\/wp-json\/wp\/v2\/tags?post=7206"}],"curies":[{"name":"wp","href":"https:\/\/api.w.org\/{rel}","templated":true}]}}