{"id":7212,"date":"2024-06-18T12:27:32","date_gmt":"2024-06-18T15:27:32","guid":{"rendered":"https:\/\/www.noticiasmas.com.ar\/?p=7212"},"modified":"2024-06-18T12:27:33","modified_gmt":"2024-06-18T15:27:33","slug":"el-turismo-pierde-impulso-y-el-fin-de-semana-largo-arrojo-numeros-preocupantes","status":"publish","type":"post","link":"https:\/\/www.noticiasmas.com.ar\/index.php\/2024\/06\/18\/el-turismo-pierde-impulso-y-el-fin-de-semana-largo-arrojo-numeros-preocupantes\/","title":{"rendered":"El turismo pierde impulso y el fin de semana largo arroj\u00f3 n\u00fameros preocupantes"},"content":{"rendered":"\n<p>El movimiento tur\u00edstico por el fin de semana largo del <strong>17 de junio<\/strong> cay\u00f3 un 64,3% frente a la misma fecha del a\u00f1o pasado, de acuerdo a un relevamiento elaborado por la <strong>Confederaci\u00f3n Argentina de la Mediana Empresa (CAME).<\/strong><\/p>\n\n\n\n<p>El feriado en honor a la vida y lucha del General Mart\u00edn Miguel de G\u00fcemes, tuvo una <strong>notoria merma en la cantidad de viajeros respecto al a\u00f1o pasado<\/strong>, ya que en esta oportunidad <strong>viajaron 802.000 turistas en los tres d\u00edas <\/strong>que dur\u00f3 el fin de semana, mientras que en 2023 lo hicieron 2.247.966.<\/p>\n\n\n\n<p>En lo que respecta al gasto, el informe tambi\u00e9n reflej\u00f3 un evidente retroceso, al registrar esta oportunidad una erogaci\u00f3n total de $81.464 millones en alimentos, bebidas, alojamiento, transporte, recreaci\u00f3n y compras diversas. Mientras que el a\u00f1o pasado, el gasto hab\u00eda alcanzado los $106.197 millones. De esta manera, hubo una ca\u00edda real del 79,7%.<\/p>\n\n\n\n<p>A nivel individual, los turistas gastaron en promedio <strong>$50.788 diarios<\/strong>, 3,4% menos que en la misma fecha de 2023 (a precios reales) y tuvo una estad\u00eda media de 2 d\u00edas, que tambi\u00e9n result\u00f3 por debajo de lo que es habitual en un fin de semana de 3 d\u00edas (suele ser entre 2,2 y 2,5).<\/p>\n\n\n\n<p>Desde la entidad gremial-empresaria atenuaron el impacto al recordar que \u201cen aquella oportunidad el fin de semana tuvo 4 d\u00edas y no coincid\u00eda con que en dos d\u00edas llegar\u00eda otro feriado largo, como suceder\u00e1 entre el pr\u00f3ximo jueves 20 y el domingo 23\u201d.<\/p>\n\n\n\n<p>Adem\u00e1s, remarcaron que \u201ccon el D\u00eda del Padre como atractivo principal, hubo primordialmente movimiento hacia lugares cercanos y visitas m\u00e1s familiares que vacacionales\u201d, mientras que se\u00f1alaron que \u201cel tiempo fue dispar, con muy buenas temperaturas en lugares como la Costa Atl\u00e1ntica o la regi\u00f3n NOA, y amenazas de lluvias y tormentas en otras como Entre R\u00edos o Corrientes que hicieron dudar de viajar o no\u201d.<\/p>\n\n\n\n<p>En lo que va del a\u00f1o hubo 3 fines de semana largos, donde se movilizaron 6,6 millones de personas y desembolsaron $1.065.990 millones, lo que equivale a US$1.169 millones al d\u00f3lar oficial del BNA.<\/p>\n","protected":false},"excerpt":{"rendered":"<p>El movimiento tur\u00edstico por el fin de semana largo del 17 de junio cay\u00f3 un 64,3% frente a la misma fecha del a\u00f1o pasado, de acuerdo a un relevamiento elaborado por la Confederaci\u00f3n Argentina de la Mediana Empresa (CAME). El feriado en honor a la vida y lucha del General Mart\u00edn Miguel de G\u00fcemes, tuvo [&hellip;]<\/p>\n","protected":false},"author":9,"featured_media":7213,"comment_status":"closed","ping_status":"open","sticky":false,"template":"","format":"standard","meta":{"tdm_status":"","tdm_grid_status":"","footnotes":""},"categories":[1],"tags":[423,2455,682,441],"class_list":{"0":"post-7212","1":"post","2":"type-post","3":"status-publish","4":"format-standard","5":"has-post-thumbnail","7":"category-nacionales","8":"tag-came","9":"tag-fin-de-semana-largo","10":"tag-informe","11":"tag-turismo"},"_links":{"self":[{"href":"https:\/\/www.noticiasmas.com.ar\/index.php\/wp-json\/wp\/v2\/posts\/7212","targetHints":{"allow":["GET"]}}],"collection":[{"href":"https:\/\/www.noticiasmas.com.ar\/index.php\/wp-json\/wp\/v2\/posts"}],"about":[{"href":"https:\/\/www.noticiasmas.com.ar\/index.php\/wp-json\/wp\/v2\/types\/post"}],"author":[{"embeddable":true,"href":"https:\/\/www.noticiasmas.com.ar\/index.php\/wp-json\/wp\/v2\/users\/9"}],"replies":[{"embeddable":true,"href":"https:\/\/www.noticiasmas.com.ar\/index.php\/wp-json\/wp\/v2\/comments?post=7212"}],"version-history":[{"count":1,"href":"https:\/\/www.noticiasmas.com.ar\/index.php\/wp-json\/wp\/v2\/posts\/7212\/revisions"}],"predecessor-version":[{"id":7214,"href":"https:\/\/www.noticiasmas.com.ar\/index.php\/wp-json\/wp\/v2\/posts\/7212\/revisions\/7214"}],"wp:featuredmedia":[{"embeddable":true,"href":"https:\/\/www.noticiasmas.com.ar\/index.php\/wp-json\/wp\/v2\/media\/7213"}],"wp:attachment":[{"href":"https:\/\/www.noticiasmas.com.ar\/index.php\/wp-json\/wp\/v2\/media?parent=7212"}],"wp:term":[{"taxonomy":"category","embeddable":true,"href":"https:\/\/www.noticiasmas.com.ar\/index.php\/wp-json\/wp\/v2\/categories?post=7212"},{"taxonomy":"post_tag","embeddable":true,"href":"https:\/\/www.noticiasmas.com.ar\/index.php\/wp-json\/wp\/v2\/tags?post=7212"}],"curies":[{"name":"wp","href":"https:\/\/api.w.org\/{rel}","templated":true}]}}