{"id":7222,"date":"2024-06-18T19:51:11","date_gmt":"2024-06-18T22:51:11","guid":{"rendered":"https:\/\/www.noticiasmas.com.ar\/?p=7222"},"modified":"2024-06-18T19:51:12","modified_gmt":"2024-06-18T22:51:12","slug":"primer-encuentro-de-asadores-a-la-estaca-de-capitan-bermudez","status":"publish","type":"post","link":"https:\/\/www.noticiasmas.com.ar\/index.php\/2024\/06\/18\/primer-encuentro-de-asadores-a-la-estaca-de-capitan-bermudez\/","title":{"rendered":"Primer Encuentro de Asadores a la Estaca de Capit\u00e1n Berm\u00fadez"},"content":{"rendered":"\n<p>El pasado domingo se llev\u00f3 a cabo en el predio del ferrocarril de la localidad, el primer evento que convoc\u00f3 a los mejores asadores de la regi\u00f3n, en una jornada solidaria a beneficio del Cuerpo de Bomberos Voluntarios.<\/p>\n\n\n\n<p>Desde las primeras horas de la ma\u00f1ana, el predio del ferrocarril se llen\u00f3 de aromas deliciosos y de la pasi\u00f3n de 15 talentosas parejas de asadores, quienes fueron observados por los destacados jurados Daniel Mapelli y Silvina Acosta.<\/p>\n\n\n\n<p>Los participantes de esta primera convocatoria fueron, Asadores de mi Pueblo, Rancho E Cambicha, Arrebatadas, Sabores Criollos, El Rejunte, Chucaros, Humo y Sabor, Los Arroyitos, Placeres de Campo, Los Aprendices, Los Juleros, Tradiciones de mi Tierra, Los Asadores de la Taperita, Resta Llama y Pasi\u00f3n por la Estaca.<\/p>\n\n\n\n<p>Despu\u00e9s de una ardua competencia y tras un largo deliberar por parte de los jueces, el primer premio le correspondi\u00f3 a Asadores de mi Pueblo, seguidos de Los Juleros, mientras que el tercer lugar se lo llev\u00f3 la dupla de Pasi\u00f3n por la Estaca.<\/p>\n\n\n\n<figure class=\"wp-block-image size-large\"><img loading=\"lazy\" decoding=\"async\" width=\"1024\" height=\"682\" src=\"https:\/\/www.noticiasmas.com.ar\/wp-content\/uploads\/2024\/06\/asadores-CB-foto-1024x682.jpg\" alt=\"\" class=\"wp-image-7223\" srcset=\"https:\/\/www.noticiasmas.com.ar\/wp-content\/uploads\/2024\/06\/asadores-CB-foto-1024x682.jpg 1024w, https:\/\/www.noticiasmas.com.ar\/wp-content\/uploads\/2024\/06\/asadores-CB-foto-300x200.jpg 300w, https:\/\/www.noticiasmas.com.ar\/wp-content\/uploads\/2024\/06\/asadores-CB-foto-768x511.jpg 768w, https:\/\/www.noticiasmas.com.ar\/wp-content\/uploads\/2024\/06\/asadores-CB-foto-150x100.jpg 150w, https:\/\/www.noticiasmas.com.ar\/wp-content\/uploads\/2024\/06\/asadores-CB-foto-696x463.jpg 696w, https:\/\/www.noticiasmas.com.ar\/wp-content\/uploads\/2024\/06\/asadores-CB-foto-1068x711.jpg 1068w, https:\/\/www.noticiasmas.com.ar\/wp-content\/uploads\/2024\/06\/asadores-CB-foto.jpg 1200w\" sizes=\"auto, (max-width: 1024px) 100vw, 1024px\" \/><\/figure>\n\n\n\n<p>Desde la organizaci\u00f3n del evento tambi\u00e9n entregaron menciones especiales al Mejor Stand y Degustaci\u00f3n que qued\u00f3 en manos de Los Asadores de la Taperita, en tanto la menci\u00f3n a la mejor vestimenta se la llev\u00f3 la pareja de Rancho E Cambicha.<\/p>\n\n\n\n<p>La jornada no solo fue pensada para el asado sino que conto con otros atractivos que vistieron de fiesta el predio como la actuaci\u00f3n de el &#8220;Grupo Presente&#8221; y &#8220;Pelecho Medina&#8221;, adem\u00e1s de la presentaci\u00f3n de academias de danzas folkl\u00f3ricas de la ciudad y feria de artesanos y emprendedores locales.<\/p>\n\n\n\n<p>Por su parte los integrantes de la Asociaci\u00f3n Bomberos Voluntarios de Capit\u00e1n Berm\u00fadez, fueron los encargados de la venta de la totalidad de la carne asada en el encuentro y todo lo recaudado qued\u00f3 para la instituci\u00f3n y ser\u00e1 utilizado en equipamiento o insumos necesarios para la actividad bomberil.<\/p>\n","protected":false},"excerpt":{"rendered":"<p>El pasado domingo se llev\u00f3 a cabo en el predio del ferrocarril de la localidad, el primer evento que convoc\u00f3 a los mejores asadores de la regi\u00f3n, en una jornada solidaria a beneficio del Cuerpo de Bomberos Voluntarios. Desde las primeras horas de la ma\u00f1ana, el predio del ferrocarril se llen\u00f3 de aromas deliciosos y [&hellip;]<\/p>\n","protected":false},"author":5,"featured_media":7224,"comment_status":"closed","ping_status":"open","sticky":false,"template":"","format":"standard","meta":{"tdm_status":"","tdm_grid_status":"","footnotes":""},"categories":[13],"tags":[349,247,2443],"class_list":{"0":"post-7222","1":"post","2":"type-post","3":"status-publish","4":"format-standard","5":"has-post-thumbnail","7":"category-region","8":"tag-bomberos-voluntarios","9":"tag-capitan-bermudez","10":"tag-encuentro-asador-a-la-estaca"},"_links":{"self":[{"href":"https:\/\/www.noticiasmas.com.ar\/index.php\/wp-json\/wp\/v2\/posts\/7222","targetHints":{"allow":["GET"]}}],"collection":[{"href":"https:\/\/www.noticiasmas.com.ar\/index.php\/wp-json\/wp\/v2\/posts"}],"about":[{"href":"https:\/\/www.noticiasmas.com.ar\/index.php\/wp-json\/wp\/v2\/types\/post"}],"author":[{"embeddable":true,"href":"https:\/\/www.noticiasmas.com.ar\/index.php\/wp-json\/wp\/v2\/users\/5"}],"replies":[{"embeddable":true,"href":"https:\/\/www.noticiasmas.com.ar\/index.php\/wp-json\/wp\/v2\/comments?post=7222"}],"version-history":[{"count":1,"href":"https:\/\/www.noticiasmas.com.ar\/index.php\/wp-json\/wp\/v2\/posts\/7222\/revisions"}],"predecessor-version":[{"id":7225,"href":"https:\/\/www.noticiasmas.com.ar\/index.php\/wp-json\/wp\/v2\/posts\/7222\/revisions\/7225"}],"wp:featuredmedia":[{"embeddable":true,"href":"https:\/\/www.noticiasmas.com.ar\/index.php\/wp-json\/wp\/v2\/media\/7224"}],"wp:attachment":[{"href":"https:\/\/www.noticiasmas.com.ar\/index.php\/wp-json\/wp\/v2\/media?parent=7222"}],"wp:term":[{"taxonomy":"category","embeddable":true,"href":"https:\/\/www.noticiasmas.com.ar\/index.php\/wp-json\/wp\/v2\/categories?post=7222"},{"taxonomy":"post_tag","embeddable":true,"href":"https:\/\/www.noticiasmas.com.ar\/index.php\/wp-json\/wp\/v2\/tags?post=7222"}],"curies":[{"name":"wp","href":"https:\/\/api.w.org\/{rel}","templated":true}]}}