{"id":7233,"date":"2024-06-18T21:18:39","date_gmt":"2024-06-19T00:18:39","guid":{"rendered":"https:\/\/www.noticiasmas.com.ar\/?p=7233"},"modified":"2024-06-18T21:18:39","modified_gmt":"2024-06-19T00:18:39","slug":"presentaron-el-proyecto-para-la-construccion-de-un-cuartel-de-bomberos-de-prefectura-en-san-lorenzo","status":"publish","type":"post","link":"https:\/\/www.noticiasmas.com.ar\/index.php\/2024\/06\/18\/presentaron-el-proyecto-para-la-construccion-de-un-cuartel-de-bomberos-de-prefectura-en-san-lorenzo\/","title":{"rendered":"Presentaron el proyecto para la construcci\u00f3n de un cuartel de Bomberos de Prefectura en San Lorenzo"},"content":{"rendered":"\n<p><strong>Buscan instalar el destacamento en un terreno perteneciente a esa fuerza ubicado en Mosconi y Francia, lo que permitir\u00eda al cuerpo ampliarse con m\u00f3viles, equipos y personal especializados. El encuentro cont\u00f3 con la presencia del intendente Leonardo Raimundo, que entreg\u00f3 una declaraci\u00f3n de Hu\u00e9sped de Honor al prefecto general Rogelio Pellegrino.<\/strong><\/p>\n\n\n\n<p>El intendente Leonardo Raimundo particip\u00f3 de la presentaci\u00f3n del proyecto para la construcci\u00f3n de un cuartel de Bomberos de Prefectura en San Lorenzo. El evento se desarroll\u00f3 la sede que Prefectura Naval Argentina tiene en Puerto General San Mart\u00edn y cont\u00f3 con la presencia de autoridades de la fuerza, representantes de la Municipalidad de Puerto, de la Comuna de Timb\u00faes, empresarios, del presidente del Concejo Municipal, Hern\u00e1n Ore; de la secretaria de Gobierno y Cultura, Ver\u00f3nica Cittadini; del subsecretario de Coordinaci\u00f3n, Claudio Contreras, y del concejal Dami\u00e1n Perassi.<\/p>\n\n\n\n<figure class=\"wp-block-image size-large\"><img loading=\"lazy\" decoding=\"async\" width=\"1024\" height=\"679\" src=\"https:\/\/www.noticiasmas.com.ar\/wp-content\/uploads\/2024\/06\/prefectura1-1024x680-1-1024x679.jpg\" alt=\"\" class=\"wp-image-7234\" srcset=\"https:\/\/www.noticiasmas.com.ar\/wp-content\/uploads\/2024\/06\/prefectura1-1024x680-1-1024x679.jpg 1024w, https:\/\/www.noticiasmas.com.ar\/wp-content\/uploads\/2024\/06\/prefectura1-1024x680-1-300x199.jpg 300w, https:\/\/www.noticiasmas.com.ar\/wp-content\/uploads\/2024\/06\/prefectura1-1024x680-1-768x509.jpg 768w, https:\/\/www.noticiasmas.com.ar\/wp-content\/uploads\/2024\/06\/prefectura1-1024x680-1-150x100.jpg 150w, https:\/\/www.noticiasmas.com.ar\/wp-content\/uploads\/2024\/06\/prefectura1-1024x680-1-696x462.jpg 696w, https:\/\/www.noticiasmas.com.ar\/wp-content\/uploads\/2024\/06\/prefectura1-1024x680-1-1068x708.jpg 1068w, https:\/\/www.noticiasmas.com.ar\/wp-content\/uploads\/2024\/06\/prefectura1-1024x680-1.jpg 1200w\" sizes=\"auto, (max-width: 1024px) 100vw, 1024px\" \/><\/figure>\n\n\n\n<p>El destacamento se situar\u00eda en un terreno del Estado nacional ubicado en la esquina de Mosconi y Francia. Seg\u00fan se\u00f1alaron desde la fuerza, su instalaci\u00f3n permitir\u00e1 sumar equipamiento y personal especializado para optimizar el desarrollo de sus tareas, que incluyen la prevenci\u00f3n y la respuesta a siniestros en aguas, puertos y buques, y con capacidad de rescate y protecci\u00f3n ambiental<\/p>\n\n\n\n<p>Raimundo expres\u00f3 su acuerdo con el proyecto, y fundament\u00f3: \u201cSi bien hay cuerpos de bomberos voluntarios y zapadores en la zona y cada empresa tiene su dotaci\u00f3n de emergencia ante cualquier siniestro, que Prefectura pueda incorporar m\u00e1s m\u00f3viles, equipos, personal y espacio f\u00edsico, siempre viene bien. Sobre todo al ser esta una zona de actividad portuaria por excelencia, con d\u00e1rsenas de combustibles, donde hay riesgos que deben ser conjurados\u201d.<\/p>\n\n\n\n<p>Luego, el mandatario entreg\u00f3 una declaraci\u00f3n de Hu\u00e9sped de Honor al prefecto general Rogelio Pellegrino por su \u201calto compromiso con la seguridad ciudadana y el bienestar social\u201d, seg\u00fan consigna el decreto N\u00ba 441.<\/p>\n","protected":false},"excerpt":{"rendered":"<p>Buscan instalar el destacamento en un terreno perteneciente a esa fuerza ubicado en Mosconi y Francia, lo que permitir\u00eda al cuerpo ampliarse con m\u00f3viles, equipos y personal especializados. El encuentro cont\u00f3 con la presencia del intendente Leonardo Raimundo, que entreg\u00f3 una declaraci\u00f3n de Hu\u00e9sped de Honor al prefecto general Rogelio Pellegrino. El intendente Leonardo Raimundo [&hellip;]<\/p>\n","protected":false},"author":5,"featured_media":7235,"comment_status":"closed","ping_status":"open","sticky":false,"template":"","format":"standard","meta":{"tdm_status":"","tdm_grid_status":"","footnotes":""},"categories":[13],"tags":[2458,71,58],"class_list":{"0":"post-7233","1":"post","2":"type-post","3":"status-publish","4":"format-standard","5":"has-post-thumbnail","7":"category-region","8":"tag-cuartel-de-bomberos","9":"tag-prefectura-naval-argentina","10":"tag-san-lorenzo"},"_links":{"self":[{"href":"https:\/\/www.noticiasmas.com.ar\/index.php\/wp-json\/wp\/v2\/posts\/7233","targetHints":{"allow":["GET"]}}],"collection":[{"href":"https:\/\/www.noticiasmas.com.ar\/index.php\/wp-json\/wp\/v2\/posts"}],"about":[{"href":"https:\/\/www.noticiasmas.com.ar\/index.php\/wp-json\/wp\/v2\/types\/post"}],"author":[{"embeddable":true,"href":"https:\/\/www.noticiasmas.com.ar\/index.php\/wp-json\/wp\/v2\/users\/5"}],"replies":[{"embeddable":true,"href":"https:\/\/www.noticiasmas.com.ar\/index.php\/wp-json\/wp\/v2\/comments?post=7233"}],"version-history":[{"count":1,"href":"https:\/\/www.noticiasmas.com.ar\/index.php\/wp-json\/wp\/v2\/posts\/7233\/revisions"}],"predecessor-version":[{"id":7236,"href":"https:\/\/www.noticiasmas.com.ar\/index.php\/wp-json\/wp\/v2\/posts\/7233\/revisions\/7236"}],"wp:featuredmedia":[{"embeddable":true,"href":"https:\/\/www.noticiasmas.com.ar\/index.php\/wp-json\/wp\/v2\/media\/7235"}],"wp:attachment":[{"href":"https:\/\/www.noticiasmas.com.ar\/index.php\/wp-json\/wp\/v2\/media?parent=7233"}],"wp:term":[{"taxonomy":"category","embeddable":true,"href":"https:\/\/www.noticiasmas.com.ar\/index.php\/wp-json\/wp\/v2\/categories?post=7233"},{"taxonomy":"post_tag","embeddable":true,"href":"https:\/\/www.noticiasmas.com.ar\/index.php\/wp-json\/wp\/v2\/tags?post=7233"}],"curies":[{"name":"wp","href":"https:\/\/api.w.org\/{rel}","templated":true}]}}