{"id":7249,"date":"2024-06-19T13:13:49","date_gmt":"2024-06-19T16:13:49","guid":{"rendered":"https:\/\/www.noticiasmas.com.ar\/?p=7249"},"modified":"2024-06-19T13:13:50","modified_gmt":"2024-06-19T16:13:50","slug":"clima-para-el-fin-de-semana-largo-se-presentaran-bancos-de-niebla-en-las-rutas-de-la-region","status":"publish","type":"post","link":"https:\/\/www.noticiasmas.com.ar\/index.php\/2024\/06\/19\/clima-para-el-fin-de-semana-largo-se-presentaran-bancos-de-niebla-en-las-rutas-de-la-region\/","title":{"rendered":"Clima para el fin de semana largo: Se presentar\u00e1n bancos de niebla en las rutas de la regi\u00f3n"},"content":{"rendered":"\n<p><\/p>\n\n\n\n<p>La madrugada que dar\u00e1 comienzo al fin de semana largo desde este jueves 20 de junio hasta el domingo 23 estar\u00e1 marcada por la presencia de neblina en el sur de la provincia de Santa Fe.<\/p>\n\n\n\n<p>El clima, seg\u00fan lo espera el Servicio Meteorol\u00f3gico Nacional, ser\u00e1 nuboso en las horas sin sol, y se espera una jornada nubosa en la provincia con posibles lluvias ya en la madrugada del viernes.<\/p>\n\n\n\n<p>Frente a este fen\u00f3meno meteorol\u00f3gico se debe circular a la velocidad precautoria y con luces bajas en todo momento.<\/p>\n\n\n\n<p>Circulando a la velocidad adecuada, de acuerdo al contexto existente y manteniendo siempre el control total de veh\u00edculo, sin entorpecer la circulaci\u00f3n.<\/p>\n\n\n\n<p>El domingo se espera un cielo nuboso con temperaturas de hasta 17\u00b0C, seg\u00fan el pron\u00f3stico extendido.<\/p>\n","protected":false},"excerpt":{"rendered":"<p>La madrugada que dar\u00e1 comienzo al fin de semana largo desde este jueves 20 de junio hasta el domingo 23 estar\u00e1 marcada por la presencia de neblina en el sur de la provincia de Santa Fe. El clima, seg\u00fan lo espera el Servicio Meteorol\u00f3gico Nacional, ser\u00e1 nuboso en las horas sin sol, y se espera [&hellip;]<\/p>\n","protected":false},"author":9,"featured_media":7251,"comment_status":"closed","ping_status":"open","sticky":false,"template":"","format":"standard","meta":{"tdm_status":"","tdm_grid_status":"","footnotes":""},"categories":[13],"tags":[138,2455,347],"class_list":{"0":"post-7249","1":"post","2":"type-post","3":"status-publish","4":"format-standard","5":"has-post-thumbnail","7":"category-region","8":"tag-clima","9":"tag-fin-de-semana-largo","10":"tag-region"},"_links":{"self":[{"href":"https:\/\/www.noticiasmas.com.ar\/index.php\/wp-json\/wp\/v2\/posts\/7249","targetHints":{"allow":["GET"]}}],"collection":[{"href":"https:\/\/www.noticiasmas.com.ar\/index.php\/wp-json\/wp\/v2\/posts"}],"about":[{"href":"https:\/\/www.noticiasmas.com.ar\/index.php\/wp-json\/wp\/v2\/types\/post"}],"author":[{"embeddable":true,"href":"https:\/\/www.noticiasmas.com.ar\/index.php\/wp-json\/wp\/v2\/users\/9"}],"replies":[{"embeddable":true,"href":"https:\/\/www.noticiasmas.com.ar\/index.php\/wp-json\/wp\/v2\/comments?post=7249"}],"version-history":[{"count":1,"href":"https:\/\/www.noticiasmas.com.ar\/index.php\/wp-json\/wp\/v2\/posts\/7249\/revisions"}],"predecessor-version":[{"id":7252,"href":"https:\/\/www.noticiasmas.com.ar\/index.php\/wp-json\/wp\/v2\/posts\/7249\/revisions\/7252"}],"wp:featuredmedia":[{"embeddable":true,"href":"https:\/\/www.noticiasmas.com.ar\/index.php\/wp-json\/wp\/v2\/media\/7251"}],"wp:attachment":[{"href":"https:\/\/www.noticiasmas.com.ar\/index.php\/wp-json\/wp\/v2\/media?parent=7249"}],"wp:term":[{"taxonomy":"category","embeddable":true,"href":"https:\/\/www.noticiasmas.com.ar\/index.php\/wp-json\/wp\/v2\/categories?post=7249"},{"taxonomy":"post_tag","embeddable":true,"href":"https:\/\/www.noticiasmas.com.ar\/index.php\/wp-json\/wp\/v2\/tags?post=7249"}],"curies":[{"name":"wp","href":"https:\/\/api.w.org\/{rel}","templated":true}]}}