{"id":7286,"date":"2024-06-20T18:16:23","date_gmt":"2024-06-20T21:16:23","guid":{"rendered":"https:\/\/www.noticiasmas.com.ar\/?p=7286"},"modified":"2024-06-20T18:16:24","modified_gmt":"2024-06-20T21:16:24","slug":"santacroce-la-mejor-manera-de-honrar-nuestra-bandera-es-tendiendo-puentes-con-aquel-que-piensa-diferente","status":"publish","type":"post","link":"https:\/\/www.noticiasmas.com.ar\/index.php\/2024\/06\/20\/santacroce-la-mejor-manera-de-honrar-nuestra-bandera-es-tendiendo-puentes-con-aquel-que-piensa-diferente\/","title":{"rendered":"Santacroce: \u201cLa mejor manera de honrar nuestra bandera, es tendiendo puentes con aquel que piensa diferente\u201d"},"content":{"rendered":"\n<p>El intendente de Funes, Roly Santacroce presidi\u00f3 este mi\u00e9rcoles el acto por el D\u00eda de la Bandera, donde participaron alrededor de 1000 alumnos y alumnas de la ciudad que juraron promesa a la bandera.<\/p>\n\n\n\n<p>Durante el acto, Santacroce destac\u00f3 que la bandera es un s\u00edmbolo de lo que somos, en ella est\u00e1n inscritas las luchas por la independencia, la libertad y la defensa de nuestra soberan\u00eda.<\/p>\n\n\n\n<p>\u201cEn estos tiempos que corren, de tanta grieta y odios, la mejor manera de honrar nuestra bandera, nuestra patria, es tender puentes con aquel con que piensa diferente, buscar la unidad en nuestra sociedad, generar mejores condiciones de vida para nuestros hijos, que son el futuro de nuestro pa\u00eds\u201d se\u00f1al\u00f3 Santacroce.<\/p>\n\n\n\n<p>Adem\u00e1s remarc\u00f3 que \u201ces nuestra obligaci\u00f3n dejar como legado un mejor lugar, una mejor ciudad, una mejor provincia, un mejor pa\u00eds\u201d<\/p>\n\n\n\n<p>Para finalizar, destac\u00f3 la labor docente haciendo menci\u00f3n a que la \u00fanica forma de construir futuro es a trav\u00e9s de la educaci\u00f3n.<\/p>\n","protected":false},"excerpt":{"rendered":"<p>El intendente de Funes, Roly Santacroce presidi\u00f3 este mi\u00e9rcoles el acto por el D\u00eda de la Bandera, donde participaron alrededor de 1000 alumnos y alumnas de la ciudad que juraron promesa a la bandera. Durante el acto, Santacroce destac\u00f3 que la bandera es un s\u00edmbolo de lo que somos, en ella est\u00e1n inscritas las luchas [&hellip;]<\/p>\n","protected":false},"author":5,"featured_media":7287,"comment_status":"closed","ping_status":"open","sticky":false,"template":"","format":"standard","meta":{"tdm_status":"","tdm_grid_status":"","footnotes":""},"categories":[1],"tags":[2454,238,2465,239],"class_list":{"0":"post-7286","1":"post","2":"type-post","3":"status-publish","4":"format-standard","5":"has-post-thumbnail","7":"category-nacionales","8":"tag-dia-de-la-bandera","9":"tag-funes","10":"tag-promesa-a-la-bandera","11":"tag-roly-santacroce"},"_links":{"self":[{"href":"https:\/\/www.noticiasmas.com.ar\/index.php\/wp-json\/wp\/v2\/posts\/7286","targetHints":{"allow":["GET"]}}],"collection":[{"href":"https:\/\/www.noticiasmas.com.ar\/index.php\/wp-json\/wp\/v2\/posts"}],"about":[{"href":"https:\/\/www.noticiasmas.com.ar\/index.php\/wp-json\/wp\/v2\/types\/post"}],"author":[{"embeddable":true,"href":"https:\/\/www.noticiasmas.com.ar\/index.php\/wp-json\/wp\/v2\/users\/5"}],"replies":[{"embeddable":true,"href":"https:\/\/www.noticiasmas.com.ar\/index.php\/wp-json\/wp\/v2\/comments?post=7286"}],"version-history":[{"count":1,"href":"https:\/\/www.noticiasmas.com.ar\/index.php\/wp-json\/wp\/v2\/posts\/7286\/revisions"}],"predecessor-version":[{"id":7288,"href":"https:\/\/www.noticiasmas.com.ar\/index.php\/wp-json\/wp\/v2\/posts\/7286\/revisions\/7288"}],"wp:featuredmedia":[{"embeddable":true,"href":"https:\/\/www.noticiasmas.com.ar\/index.php\/wp-json\/wp\/v2\/media\/7287"}],"wp:attachment":[{"href":"https:\/\/www.noticiasmas.com.ar\/index.php\/wp-json\/wp\/v2\/media?parent=7286"}],"wp:term":[{"taxonomy":"category","embeddable":true,"href":"https:\/\/www.noticiasmas.com.ar\/index.php\/wp-json\/wp\/v2\/categories?post=7286"},{"taxonomy":"post_tag","embeddable":true,"href":"https:\/\/www.noticiasmas.com.ar\/index.php\/wp-json\/wp\/v2\/tags?post=7286"}],"curies":[{"name":"wp","href":"https:\/\/api.w.org\/{rel}","templated":true}]}}