{"id":7306,"date":"2024-06-24T11:08:39","date_gmt":"2024-06-24T14:08:39","guid":{"rendered":"https:\/\/www.noticiasmas.com.ar\/?p=7306"},"modified":"2024-06-24T11:08:40","modified_gmt":"2024-06-24T14:08:40","slug":"ola-polar-argentina-sera-uno-de-los-lugares-mas-frio-del-mundo-durante-este-martes","status":"publish","type":"post","link":"https:\/\/www.noticiasmas.com.ar\/index.php\/2024\/06\/24\/ola-polar-argentina-sera-uno-de-los-lugares-mas-frio-del-mundo-durante-este-martes\/","title":{"rendered":"Ola polar: Argentina ser\u00e1 uno de los lugares m\u00e1s fr\u00edo del mundo durante este martes"},"content":{"rendered":"\n<p><\/p>\n\n\n\n<p>Gran parte del territorio nacional entrar\u00e1 en una ola polar que traer\u00e1 este martes 25 de junio unas temperaturas por debajo de los 10\u00b0C de promedio.<\/p>\n\n\n\n<p>En la regi\u00f3n, las temperaturas no sobrepasar\u00e1n los 13\u00b0C, a la vez que se esperan fuertes vientos provenientes del sureste y un cielo particularmente nublado.<\/p>\n\n\n\n<p>Estas bajas temperaturas afectar\u00e1n particularmente a la regi\u00f3n patag\u00f3nica, la que ya viene sufriendo de los frentes fr\u00edos, con nevadas desde la Cordillera de Los Andes hasta el Mar Argentino.<\/p>\n\n\n\n<p>Las temperaturas, en esta parte del pa\u00eds, se espera que lleguen a m\u00ednimas de hasta -15\u00b0C bajo cero.<\/p>\n\n\n\n<p>Particularmente, el fr\u00edo en estas pr\u00f3ximas horas se dar\u00e1 por un frente que ingresa desde el sector este y que har\u00e1 descender considerablemente las temperaturas. Este fen\u00f3meno se dar\u00e1 con asiduidad en Argentina principalmente por una cuesti\u00f3n geogr\u00e1fica, ya que el pa\u00eds es el m\u00e1s austral del globo.<\/p>\n","protected":false},"excerpt":{"rendered":"<p>Gran parte del territorio nacional entrar\u00e1 en una ola polar que traer\u00e1 este martes 25 de junio unas temperaturas por debajo de los 10\u00b0C de promedio. En la regi\u00f3n, las temperaturas no sobrepasar\u00e1n los 13\u00b0C, a la vez que se esperan fuertes vientos provenientes del sureste y un cielo particularmente nublado. Estas bajas temperaturas afectar\u00e1n [&hellip;]<\/p>\n","protected":false},"author":9,"featured_media":7308,"comment_status":"closed","ping_status":"open","sticky":false,"template":"","format":"standard","meta":{"tdm_status":"","tdm_grid_status":"","footnotes":""},"categories":[1],"tags":[138,2473,587,840],"class_list":{"0":"post-7306","1":"post","2":"type-post","3":"status-publish","4":"format-standard","5":"has-post-thumbnail","7":"category-nacionales","8":"tag-clima","9":"tag-frente-frio","10":"tag-frio","11":"tag-temperaturas"},"_links":{"self":[{"href":"https:\/\/www.noticiasmas.com.ar\/index.php\/wp-json\/wp\/v2\/posts\/7306","targetHints":{"allow":["GET"]}}],"collection":[{"href":"https:\/\/www.noticiasmas.com.ar\/index.php\/wp-json\/wp\/v2\/posts"}],"about":[{"href":"https:\/\/www.noticiasmas.com.ar\/index.php\/wp-json\/wp\/v2\/types\/post"}],"author":[{"embeddable":true,"href":"https:\/\/www.noticiasmas.com.ar\/index.php\/wp-json\/wp\/v2\/users\/9"}],"replies":[{"embeddable":true,"href":"https:\/\/www.noticiasmas.com.ar\/index.php\/wp-json\/wp\/v2\/comments?post=7306"}],"version-history":[{"count":1,"href":"https:\/\/www.noticiasmas.com.ar\/index.php\/wp-json\/wp\/v2\/posts\/7306\/revisions"}],"predecessor-version":[{"id":7309,"href":"https:\/\/www.noticiasmas.com.ar\/index.php\/wp-json\/wp\/v2\/posts\/7306\/revisions\/7309"}],"wp:featuredmedia":[{"embeddable":true,"href":"https:\/\/www.noticiasmas.com.ar\/index.php\/wp-json\/wp\/v2\/media\/7308"}],"wp:attachment":[{"href":"https:\/\/www.noticiasmas.com.ar\/index.php\/wp-json\/wp\/v2\/media?parent=7306"}],"wp:term":[{"taxonomy":"category","embeddable":true,"href":"https:\/\/www.noticiasmas.com.ar\/index.php\/wp-json\/wp\/v2\/categories?post=7306"},{"taxonomy":"post_tag","embeddable":true,"href":"https:\/\/www.noticiasmas.com.ar\/index.php\/wp-json\/wp\/v2\/tags?post=7306"}],"curies":[{"name":"wp","href":"https:\/\/api.w.org\/{rel}","templated":true}]}}