{"id":7310,"date":"2024-06-24T11:34:55","date_gmt":"2024-06-24T14:34:55","guid":{"rendered":"https:\/\/www.noticiasmas.com.ar\/?p=7310"},"modified":"2024-06-24T11:34:57","modified_gmt":"2024-06-24T14:34:57","slug":"quien-es-canibal-laferrara-se-escapo-entre-la-ropa-sucia-de-devoto-y-entienden-que-planeaba-una-venganza-contra-pullaro","status":"publish","type":"post","link":"https:\/\/www.noticiasmas.com.ar\/index.php\/2024\/06\/24\/quien-es-canibal-laferrara-se-escapo-entre-la-ropa-sucia-de-devoto-y-entienden-que-planeaba-una-venganza-contra-pullaro\/","title":{"rendered":"\u00bfQui\u00e9n es \u201cCanibal\u201d Laferrara? Se escap\u00f3 entre la ropa sucia de Devoto y entienden que planeaba una \u201cvenganza\u201d contra Pullaro"},"content":{"rendered":"\n<p><\/p>\n\n\n\n<p>La detenci\u00f3n realizada este viernes en Pueblo Andino de Mauricio \u201cCanibal\u201d Laferrara, sicario de la banda de narcodelictiva de Esteban Lindor Alvarado, trajo satisfacci\u00f3n en la administraci\u00f3n provincial santafesina.<\/p>\n\n\n\n<p>El secretario de Seguridad P\u00fablica del Ministerio de Justicia y Seguridad de Santa Fe, Omar Pereira, habl\u00f3 a primera hora de este lunes con los medios de comunicaci\u00f3n en la ciudad de Rosario para dar cuenta del historial delictivo del detenido, y dio algunos detalles de la investigaci\u00f3n que se lleva adelante sobre el accionar de este persona.<\/p>\n\n\n\n<p>\u201cLa presencia de esta persona en el territorio nos generaba una una preocupaci\u00f3n habida cuenta de su de su peligrosidad, tengan en cuenta que tiene varios homicidios y una participaci\u00f3n activa en varios hechos resonantes\u201d, reconoci\u00f3 Pereira.<\/p>\n\n\n\n<figure class=\"wp-block-image size-large\"><img loading=\"lazy\" decoding=\"async\" width=\"1024\" height=\"682\" src=\"https:\/\/www.noticiasmas.com.ar\/wp-content\/uploads\/2024\/06\/2024-06-24NID_280538O_1-1024x682.jpeg\" alt=\"\" class=\"wp-image-7311\" srcset=\"https:\/\/www.noticiasmas.com.ar\/wp-content\/uploads\/2024\/06\/2024-06-24NID_280538O_1-1024x682.jpeg 1024w, https:\/\/www.noticiasmas.com.ar\/wp-content\/uploads\/2024\/06\/2024-06-24NID_280538O_1-300x200.jpeg 300w, https:\/\/www.noticiasmas.com.ar\/wp-content\/uploads\/2024\/06\/2024-06-24NID_280538O_1-768x512.jpeg 768w, https:\/\/www.noticiasmas.com.ar\/wp-content\/uploads\/2024\/06\/2024-06-24NID_280538O_1-150x100.jpeg 150w, https:\/\/www.noticiasmas.com.ar\/wp-content\/uploads\/2024\/06\/2024-06-24NID_280538O_1-696x464.jpeg 696w, https:\/\/www.noticiasmas.com.ar\/wp-content\/uploads\/2024\/06\/2024-06-24NID_280538O_1-1068x712.jpeg 1068w, https:\/\/www.noticiasmas.com.ar\/wp-content\/uploads\/2024\/06\/2024-06-24NID_280538O_1.jpeg 1280w\" sizes=\"auto, (max-width: 1024px) 100vw, 1024px\" \/><\/figure>\n\n\n\n<p>Laferrara tiene 28 a\u00f1os de edad. En 2019 hab\u00eda sido detenido por su prontuario delictivo, el cual inclu\u00eda al menos seis cr\u00edmenes de los que fue part\u00edcipe necesario. Su condena era a dos cadenas perpetuas, y se encontraba alojado en el Complejo Penitenciario Federal de Ciudad de Buenos Aires, la c\u00e1rcel de Devoto.<\/p>\n\n\n\n<p>En octubre de 2023, Laferrara, vinculado como mano derecha de Esteban Alvarado, se hab\u00eda fugado del penal federal con una modalidad m\u00e1s cercana a las pel\u00edculas y dibujos animados que a la realidad: se escap\u00f3 dentro de la ropa sucia de los reclusos.<\/p>\n\n\n\n<p>Las investigaciones posteriores daban cuenta de una posible fuga al exterior. Muy lejos de los l\u00edmites fronterizos, Laferrara fue detenido en Pueblo Andino, localidad en donde se investiga desde cu\u00e1ndo resid\u00eda all\u00ed, aunque hay otras hip\u00f3tesis que indicar\u00edan que \u201cCanibal\u201d se escond\u00eda en varios domicilios de la regi\u00f3n. \u00a0<\/p>\n\n\n\n<figure class=\"wp-block-embed is-type-wp-embed is-provider-noticias-mas wp-block-embed-noticias-mas\"><div class=\"wp-block-embed__wrapper\">\n<blockquote class=\"wp-embedded-content\" data-secret=\"0PmUO3e4Xu\"><a href=\"https:\/\/www.noticiasmas.com.ar\/index.php\/2024\/06\/22\/detuvieron-a-mauricio-laferrara-un-sicario-que-se-encontraba-profugo\/\">Detuvieron a Mauricio Laferrara, un sicario que se encontraba pr\u00f3fugo<\/a><\/blockquote><iframe loading=\"lazy\" class=\"wp-embedded-content\" sandbox=\"allow-scripts\" security=\"restricted\" style=\"position: absolute; clip: rect(1px, 1px, 1px, 1px);\" title=\"&#8220;Detuvieron a Mauricio Laferrara, un sicario que se encontraba pr\u00f3fugo&#8221; &#8212; Noticias Mas\" src=\"https:\/\/www.noticiasmas.com.ar\/index.php\/2024\/06\/22\/detuvieron-a-mauricio-laferrara-un-sicario-que-se-encontraba-profugo\/embed\/#?secret=EqK2om8B3O#?secret=0PmUO3e4Xu\" data-secret=\"0PmUO3e4Xu\" width=\"600\" height=\"338\" frameborder=\"0\" marginwidth=\"0\" marginheight=\"0\" scrolling=\"no\"><\/iframe>\n<\/div><\/figure>\n\n\n\n<h2 class=\"wp-block-heading\">Seis cr\u00edmenes cometidos, todos como venganza<\/h2>\n\n\n\n<p>El funcionario sostuvo que uno de los motivos por los cuales Laferrara se habr\u00eda fugado es una \u201cveganza\u201d, y m\u00e1s precisamente puso como blanco a la figura del gobernador Maximiliano Pullaro.<\/p>\n\n\n\n<p>\u201cLa venganza m\u00e1xima ac\u00e1 es seguramente el gobernador Pullaro. Esto es una suposici\u00f3n a partir de los modos en los que siempre se han manejado: todos los homicidios de Laferrara tienen que ver con la venganza\u201d.<\/p>\n\n\n\n<p>\u201cTodo nos indica que una persona que se fuga con todo este tipo de caracter\u00edsticas, escondido tres d\u00edas en un tacho de basura, y trat\u00e1ndose de qui\u00e9n era, adem\u00e1s de la fuga frustrada de Alvarado, tiene que haberse fugado por alg\u00fan objetivo muy importante. Entendiendo la l\u00f3gica de estos delincuentes, que tienen prisi\u00f3n perpetua y ya no tienen nada que perder, y lo \u00fanico que les queda es mantener sus negocios ilegales vivos, nosotros inferimos que la fuga de un sicario puede tener que ver con una venganza\u201d, asever\u00f3 Pereira.<\/p>\n","protected":false},"excerpt":{"rendered":"<p>La detenci\u00f3n realizada este viernes en Pueblo Andino de Mauricio \u201cCanibal\u201d Laferrara, sicario de la banda de narcodelictiva de Esteban Lindor Alvarado, trajo satisfacci\u00f3n en la administraci\u00f3n provincial santafesina. El secretario de Seguridad P\u00fablica del Ministerio de Justicia y Seguridad de Santa Fe, Omar Pereira, habl\u00f3 a primera hora de este lunes con los medios [&hellip;]<\/p>\n","protected":false},"author":9,"featured_media":7312,"comment_status":"closed","ping_status":"open","sticky":false,"template":"","format":"standard","meta":{"tdm_status":"","tdm_grid_status":"","footnotes":""},"categories":[9],"tags":[2475,2474,172,109],"class_list":{"0":"post-7310","1":"post","2":"type-post","3":"status-publish","4":"format-standard","5":"has-post-thumbnail","7":"category-policiales","8":"tag-canibal","9":"tag-laferrara","10":"tag-policiales","11":"tag-pueblo-andino"},"_links":{"self":[{"href":"https:\/\/www.noticiasmas.com.ar\/index.php\/wp-json\/wp\/v2\/posts\/7310","targetHints":{"allow":["GET"]}}],"collection":[{"href":"https:\/\/www.noticiasmas.com.ar\/index.php\/wp-json\/wp\/v2\/posts"}],"about":[{"href":"https:\/\/www.noticiasmas.com.ar\/index.php\/wp-json\/wp\/v2\/types\/post"}],"author":[{"embeddable":true,"href":"https:\/\/www.noticiasmas.com.ar\/index.php\/wp-json\/wp\/v2\/users\/9"}],"replies":[{"embeddable":true,"href":"https:\/\/www.noticiasmas.com.ar\/index.php\/wp-json\/wp\/v2\/comments?post=7310"}],"version-history":[{"count":1,"href":"https:\/\/www.noticiasmas.com.ar\/index.php\/wp-json\/wp\/v2\/posts\/7310\/revisions"}],"predecessor-version":[{"id":7313,"href":"https:\/\/www.noticiasmas.com.ar\/index.php\/wp-json\/wp\/v2\/posts\/7310\/revisions\/7313"}],"wp:featuredmedia":[{"embeddable":true,"href":"https:\/\/www.noticiasmas.com.ar\/index.php\/wp-json\/wp\/v2\/media\/7312"}],"wp:attachment":[{"href":"https:\/\/www.noticiasmas.com.ar\/index.php\/wp-json\/wp\/v2\/media?parent=7310"}],"wp:term":[{"taxonomy":"category","embeddable":true,"href":"https:\/\/www.noticiasmas.com.ar\/index.php\/wp-json\/wp\/v2\/categories?post=7310"},{"taxonomy":"post_tag","embeddable":true,"href":"https:\/\/www.noticiasmas.com.ar\/index.php\/wp-json\/wp\/v2\/tags?post=7310"}],"curies":[{"name":"wp","href":"https:\/\/api.w.org\/{rel}","templated":true}]}}