{"id":7326,"date":"2024-06-24T19:40:14","date_gmt":"2024-06-24T22:40:14","guid":{"rendered":"https:\/\/www.noticiasmas.com.ar\/?p=7326"},"modified":"2024-06-24T19:40:15","modified_gmt":"2024-06-24T22:40:15","slug":"de-grandis-tomo-la-promesa-de-lealtad-a-la-bandera-a-alumnos-de-4to-grado-en-un-emotivo-acto-patrio","status":"publish","type":"post","link":"https:\/\/www.noticiasmas.com.ar\/index.php\/2024\/06\/24\/de-grandis-tomo-la-promesa-de-lealtad-a-la-bandera-a-alumnos-de-4to-grado-en-un-emotivo-acto-patrio\/","title":{"rendered":"De Grandis tom\u00f3 la promesa de lealtad a la bandera a alumnos de 4to grado en un emotivo acto patrio"},"content":{"rendered":"\n<p>El acto se llev\u00f3 a cabo en la Escuela Juana Manso y se le rindi\u00f3 homenaje a la ense\u00f1a patria y a su creador, Manuel Belgrano.<\/p>\n\n\n\n<p>Puerto General San Mart\u00edn conmemor\u00f3 hoy el D\u00eda de la Bandera y rindi\u00f3 un sentido homenaje a la figura de Manuel Belgrano, en el marco de un acto en la plaza Seca del CCM, organizado por la Secretar\u00eda de Educaci\u00f3n y Cultura municipal y la Escuela N\u00b0 1398 Juana Manso, y presidido por el Intendente Municipal, Carlos De Grandis, quien tom\u00f3 la promesa de lealtad a la bandera a alumnos de cuarto grado de las escuelas de la ciudad.<br>En un clima donde reinaron los colores celeste y blanco, los presentes rindieron honor a nuestra Ense\u00f1a Patria, y a quienes han luchado y luchan por ella como lo hizo su creador, Manuel Belgrano, defendiendo la soberan\u00eda nacional y la independencia.<\/p>\n\n\n\n<figure class=\"wp-block-image size-large\"><img loading=\"lazy\" decoding=\"async\" width=\"1024\" height=\"768\" src=\"https:\/\/www.noticiasmas.com.ar\/wp-content\/uploads\/2024\/06\/acto-bandera-puerto-3-1024x768.jpg\" alt=\"\" class=\"wp-image-7330\" srcset=\"https:\/\/www.noticiasmas.com.ar\/wp-content\/uploads\/2024\/06\/acto-bandera-puerto-3-1024x768.jpg 1024w, https:\/\/www.noticiasmas.com.ar\/wp-content\/uploads\/2024\/06\/acto-bandera-puerto-3-300x225.jpg 300w, https:\/\/www.noticiasmas.com.ar\/wp-content\/uploads\/2024\/06\/acto-bandera-puerto-3-768x576.jpg 768w, https:\/\/www.noticiasmas.com.ar\/wp-content\/uploads\/2024\/06\/acto-bandera-puerto-3-150x113.jpg 150w, https:\/\/www.noticiasmas.com.ar\/wp-content\/uploads\/2024\/06\/acto-bandera-puerto-3-696x522.jpg 696w, https:\/\/www.noticiasmas.com.ar\/wp-content\/uploads\/2024\/06\/acto-bandera-puerto-3-1068x801.jpg 1068w, https:\/\/www.noticiasmas.com.ar\/wp-content\/uploads\/2024\/06\/acto-bandera-puerto-3-265x198.jpg 265w, https:\/\/www.noticiasmas.com.ar\/wp-content\/uploads\/2024\/06\/acto-bandera-puerto-3.jpg 1200w\" sizes=\"auto, (max-width: 1024px) 100vw, 1024px\" \/><\/figure>\n\n\n\n<p><br>Participaron del acto la directora de la Escuela Juana Manso N\u00b0 1398, Liliana Gallegos, la Supervisora Regional, Carina Fontas, el presidente del Concejo Municipal, Juan Manuel De Grandis, miembros del Honorable Concejo Municipal y del gabinete municipal, representantes de Prefectura Naval San Lorenzo, Ciudadano Ilustre, Abel Palena, y el centro de Veteranos de Guerra de Malvinas Combate de San Lorenzo, representante de Amsaf\u00e9, docentes, comunidad educativa de la 1398, alumnos y familiares. \u00a0<br>Con una plaza colmada de ni\u00f1os que representaron la importancia de la educaci\u00f3n p\u00fablica, gratuita e igualitaria, los presentes recibieron a la Bandera Nacional con un afectuoso aplauso. Estuvieron las banderas de ceremonias de las escuelas Gobernadores Cullen N\u00b0 6033, escuela Granadero Basilio Bustos N\u00b0 221, Escuela Ni\u00f1o Jes\u00fas N\u00b0 1161, Jard\u00edn de Infantes Remedios de Escalada, Escuela de Ense\u00f1anza Especial Arnold Gesell, Escuela de Educaci\u00f3n Secundaria N\u00b0 328, Escuela N\u00b0 1360 Batalla de Punta Quebracho, Jard\u00edn de infantes Mar\u00eda Elena Walsh, Centros de Alfabetizaci\u00f3n. La Bandera de Ceremonias de la Escuela Juana Manso N\u00b0 1398, fue portada por alumnos de 7\u00b0 grado.<\/p>\n\n\n\n<figure class=\"wp-block-image size-large\"><img loading=\"lazy\" decoding=\"async\" width=\"1024\" height=\"683\" src=\"https:\/\/www.noticiasmas.com.ar\/wp-content\/uploads\/2024\/06\/acto-bandera-puerto-2-1024x683.jpg\" alt=\"\" class=\"wp-image-7329\" srcset=\"https:\/\/www.noticiasmas.com.ar\/wp-content\/uploads\/2024\/06\/acto-bandera-puerto-2-1024x683.jpg 1024w, https:\/\/www.noticiasmas.com.ar\/wp-content\/uploads\/2024\/06\/acto-bandera-puerto-2-300x200.jpg 300w, https:\/\/www.noticiasmas.com.ar\/wp-content\/uploads\/2024\/06\/acto-bandera-puerto-2-768x512.jpg 768w, https:\/\/www.noticiasmas.com.ar\/wp-content\/uploads\/2024\/06\/acto-bandera-puerto-2-150x100.jpg 150w, https:\/\/www.noticiasmas.com.ar\/wp-content\/uploads\/2024\/06\/acto-bandera-puerto-2-696x464.jpg 696w, https:\/\/www.noticiasmas.com.ar\/wp-content\/uploads\/2024\/06\/acto-bandera-puerto-2-1068x712.jpg 1068w, https:\/\/www.noticiasmas.com.ar\/wp-content\/uploads\/2024\/06\/acto-bandera-puerto-2.jpg 1200w\" sizes=\"auto, (max-width: 1024px) 100vw, 1024px\" \/><\/figure>\n\n\n\n<p><br>Tras entonar el Himno Nacional Argentino, acompa\u00f1ado por el Coro Municipal de Lenguas de Se\u00f1as Argentinas, a cargo de la profesora Miriam Grassano, la directora de la escuela Juana Manso, Liliana Gallegos, manifest\u00f3: \u201cSi hablamos de Belgrano podemos considerarlo como un hombre que super\u00f3 a su \u00e9poca. Fue el hombre que primero pens\u00f3 la inclusi\u00f3n social, las econom\u00edas, el fomento de la industria, cuestiones de g\u00e9nero, la educaci\u00f3n popular. Condujo nuestro proceso independentista. Lo dio todo, indic\u00f3 el camino. Fue el primero en pensar la patria como una mirada colectiva y revolucionaria\u201d.<br>Asimismo, inst\u00f3 a seguir trabajando fuertemente por mejorar la educaci\u00f3n, y sostuvo: \u201cNo se es libre ni gratis ni tampoco independiente. La patria, el progreso, no se construye solo sonriendo. Hace falta un verdadero compromiso por la Patria, sigamos construyendo esa Patria colectiva, grande, libre, donde nadie quede afuera, como la so\u00f1\u00f3 Belgrano\u201d.<br>Por su parte, la Supervisora Regional, Carina Fontas, manifest\u00f3: \u201cTodos los d\u00edas honramos a la bandera estudiando mucho. Pero tambi\u00e9n la honramos siendo buenas personas, estudiando, colaborando con nuestra casa, familia, padres, hermanos. As\u00ed comenzamos a ser buenos ciudadanos. A las familias, agradecerles por acompa\u00f1ar a estos ni\u00f1os en la tarea de aprender\u201d.<\/p>\n\n\n\n<figure class=\"wp-block-image size-large\"><img loading=\"lazy\" decoding=\"async\" width=\"1024\" height=\"683\" src=\"https:\/\/www.noticiasmas.com.ar\/wp-content\/uploads\/2024\/06\/acto-bandera-puerto-1024x683.jpg\" alt=\"\" class=\"wp-image-7328\" srcset=\"https:\/\/www.noticiasmas.com.ar\/wp-content\/uploads\/2024\/06\/acto-bandera-puerto-1024x683.jpg 1024w, https:\/\/www.noticiasmas.com.ar\/wp-content\/uploads\/2024\/06\/acto-bandera-puerto-300x200.jpg 300w, https:\/\/www.noticiasmas.com.ar\/wp-content\/uploads\/2024\/06\/acto-bandera-puerto-768x512.jpg 768w, https:\/\/www.noticiasmas.com.ar\/wp-content\/uploads\/2024\/06\/acto-bandera-puerto-150x100.jpg 150w, https:\/\/www.noticiasmas.com.ar\/wp-content\/uploads\/2024\/06\/acto-bandera-puerto-696x464.jpg 696w, https:\/\/www.noticiasmas.com.ar\/wp-content\/uploads\/2024\/06\/acto-bandera-puerto-1068x712.jpg 1068w, https:\/\/www.noticiasmas.com.ar\/wp-content\/uploads\/2024\/06\/acto-bandera-puerto.jpg 1200w\" sizes=\"auto, (max-width: 1024px) 100vw, 1024px\" \/><\/figure>\n\n\n\n<p><br>En tanto, el Intendente Municipal, tom\u00f3 juramento a los alumnos de 4to grado de las escuelas de nuestra localidad, que tuvieron el honor de hacer su promesa a la Bandera Argentina del mismo modo que lo hicieron los soldados del general Belgrano.<br>De Grandis destac\u00f3 las palabras de la directora y la supervisora, record\u00f3 las gestiones del municipio por la escuela Juana Manzo, logrando en su proceso de crecimiento el edificio propio, un hecho hist\u00f3rico para la comunidad educativa, y se\u00f1al\u00f3: \u201cAl igual que aquellos soldados que juraban la bandera, me toc\u00f3 hacerlo un 20 de junio, cuando ten\u00eda 20 a\u00f1os, y estaba haciendo el servicio militar, y me sent\u00ed con ese orgullo de poder jurar la bandera, no me olvido de aquel momento\u201d. Adem\u00e1s, indic\u00f3 que \u201choy me toca con satisfacci\u00f3n y orgullo tomarles juramento a los ni\u00f1os y ni\u00f1as de cuarto grado\u201d.<\/p>\n\n\n\n<figure class=\"wp-block-image size-large\"><img loading=\"lazy\" decoding=\"async\" width=\"1024\" height=\"683\" src=\"https:\/\/www.noticiasmas.com.ar\/wp-content\/uploads\/2024\/06\/promesa-bandera-puerto-1024x683.jpg\" alt=\"\" class=\"wp-image-7327\" srcset=\"https:\/\/www.noticiasmas.com.ar\/wp-content\/uploads\/2024\/06\/promesa-bandera-puerto-1024x683.jpg 1024w, https:\/\/www.noticiasmas.com.ar\/wp-content\/uploads\/2024\/06\/promesa-bandera-puerto-300x200.jpg 300w, https:\/\/www.noticiasmas.com.ar\/wp-content\/uploads\/2024\/06\/promesa-bandera-puerto-768x512.jpg 768w, https:\/\/www.noticiasmas.com.ar\/wp-content\/uploads\/2024\/06\/promesa-bandera-puerto-150x100.jpg 150w, https:\/\/www.noticiasmas.com.ar\/wp-content\/uploads\/2024\/06\/promesa-bandera-puerto-696x464.jpg 696w, https:\/\/www.noticiasmas.com.ar\/wp-content\/uploads\/2024\/06\/promesa-bandera-puerto-1068x712.jpg 1068w, https:\/\/www.noticiasmas.com.ar\/wp-content\/uploads\/2024\/06\/promesa-bandera-puerto.jpg 1200w\" sizes=\"auto, (max-width: 1024px) 100vw, 1024px\" \/><\/figure>\n\n\n\n<p><br>En tanto, reiter\u00f3 su pedido a la comunidad \u201cdefender la tasa de estacionamiento que nos quieren quitar a los municipios portuarios, porque son los recursos genuinos, donde los hemos utilizado para hacer obras de tr\u00e1nsito pesado, pong\u00e1monos de pie para que eso no suceda, esta lucha la debemos pelear entre todos, en defensa de los recursos de nuestro municipio\u201d.<br>Frente a los alumnos de 4to grado presentes de pie y expectantes, y reafirmando los valores de libertad, solidaridad e igualdad, el Intendente, con la figura de Belgrano de fondo, De Grandis expres\u00f3: \u201cLa bandera es el s\u00edmbolo de nuestra soberan\u00eda, que hace sagrados a los hombres y a las mujeres, y simboliza nuestro presente en el que d\u00eda a d\u00eda debemos construir la democracia que nos ennoblece\u201d, y pregunt\u00f3 \u201cEstudiantes: \u00bfPrometen defenderla, respetarla, amarla con fraterna tolerancia, estudiando con firme voluntad, comprometi\u00e9ndose a ser ciudadanos libres y justos, aceptando solidariamente sus diferencias a todos los que pueblan nuestro suelo, y transmitiendo en todos y cada uno de nuestros actos sus valores permanentes e irrenunciables? \u201cSi, \u00a1prometo!\u201d, lanzaron fervorosamente los alumnos inmortalizando un emotivo momento de sentimiento patrio colectivo. \u00a0<br>Para finalizar el acto, se llev\u00f3 a cabo una dramatizaci\u00f3n donde los alumnos de la escuela expresaron c\u00f3mo surgi\u00f3 nuestra bandera, hubo un hermoso concierto de flauta interpretado por los alumnos de 3er grado junto al profesor Alfonso Mi\u00f1oz donde tocaron \u201cCanci\u00f3n para la Bandera Argentina\u201d, y un momento de Zamba, donde los alumnos de 6to grado bailaron \u201cZambita de mi Bandera\u201d.<\/p>\n","protected":false},"excerpt":{"rendered":"<p>El acto se llev\u00f3 a cabo en la Escuela Juana Manso y se le rindi\u00f3 homenaje a la ense\u00f1a patria y a su creador, Manuel Belgrano. Puerto General San Mart\u00edn conmemor\u00f3 hoy el D\u00eda de la Bandera y rindi\u00f3 un sentido homenaje a la figura de Manuel Belgrano, en el marco de un acto en [&hellip;]<\/p>\n","protected":false},"author":5,"featured_media":7331,"comment_status":"closed","ping_status":"open","sticky":false,"template":"","format":"standard","meta":{"tdm_status":"","tdm_grid_status":"","footnotes":""},"categories":[13],"tags":[2454,2465,1654],"class_list":{"0":"post-7326","1":"post","2":"type-post","3":"status-publish","4":"format-standard","5":"has-post-thumbnail","7":"category-region","8":"tag-dia-de-la-bandera","9":"tag-promesa-a-la-bandera","10":"tag-puerto-gral-san-martin"},"_links":{"self":[{"href":"https:\/\/www.noticiasmas.com.ar\/index.php\/wp-json\/wp\/v2\/posts\/7326","targetHints":{"allow":["GET"]}}],"collection":[{"href":"https:\/\/www.noticiasmas.com.ar\/index.php\/wp-json\/wp\/v2\/posts"}],"about":[{"href":"https:\/\/www.noticiasmas.com.ar\/index.php\/wp-json\/wp\/v2\/types\/post"}],"author":[{"embeddable":true,"href":"https:\/\/www.noticiasmas.com.ar\/index.php\/wp-json\/wp\/v2\/users\/5"}],"replies":[{"embeddable":true,"href":"https:\/\/www.noticiasmas.com.ar\/index.php\/wp-json\/wp\/v2\/comments?post=7326"}],"version-history":[{"count":1,"href":"https:\/\/www.noticiasmas.com.ar\/index.php\/wp-json\/wp\/v2\/posts\/7326\/revisions"}],"predecessor-version":[{"id":7332,"href":"https:\/\/www.noticiasmas.com.ar\/index.php\/wp-json\/wp\/v2\/posts\/7326\/revisions\/7332"}],"wp:featuredmedia":[{"embeddable":true,"href":"https:\/\/www.noticiasmas.com.ar\/index.php\/wp-json\/wp\/v2\/media\/7331"}],"wp:attachment":[{"href":"https:\/\/www.noticiasmas.com.ar\/index.php\/wp-json\/wp\/v2\/media?parent=7326"}],"wp:term":[{"taxonomy":"category","embeddable":true,"href":"https:\/\/www.noticiasmas.com.ar\/index.php\/wp-json\/wp\/v2\/categories?post=7326"},{"taxonomy":"post_tag","embeddable":true,"href":"https:\/\/www.noticiasmas.com.ar\/index.php\/wp-json\/wp\/v2\/tags?post=7326"}],"curies":[{"name":"wp","href":"https:\/\/api.w.org\/{rel}","templated":true}]}}