{"id":741,"date":"2023-12-01T18:19:25","date_gmt":"2023-12-01T21:19:25","guid":{"rendered":"https:\/\/www.noticiasmas.com.ar\/?p=741"},"modified":"2023-12-01T18:19:26","modified_gmt":"2023-12-01T21:19:26","slug":"un-joven-lleno-de-piedrazos-la-casa-de-su-madrastra-y-quedo-detenido","status":"publish","type":"post","link":"https:\/\/www.noticiasmas.com.ar\/index.php\/2023\/12\/01\/un-joven-lleno-de-piedrazos-la-casa-de-su-madrastra-y-quedo-detenido\/","title":{"rendered":"Un joven llen\u00f3 de piedrazos la casa de su madrastra y qued\u00f3 detenido"},"content":{"rendered":"\n<p><\/p>\n\n\n\n<p><\/p>\n\n\n\n<p>Un joven de 24 a\u00f1os de edad fue demorado este jueves por la noche al atacar a piedrazos el frente de la casa de la pareja de su padre.<\/p>\n\n\n\n<p>El hecho, seg\u00fan informaci\u00f3n policial, ocurri\u00f3 en una vivienda de barrio Mitre de San Lorenzo. La v\u00edctima, una mujer de 31 a\u00f1os de edad, denunci\u00f3 a la polic\u00eda que el hijo de su pareja estaba apedreando la vivienda, rompiendo varios vidrios del port\u00f3n.<\/p>\n\n\n\n<p>A la llegada de la polic\u00eda, el joven ya no estaba, por lo que fue demorado tras un patrullaje en la intersecci\u00f3n de Evandri y Artigas.<\/p>\n\n\n\n<p>El joven, residente en la ciudad pero de nacionalidad paraguaya, qued\u00f3 demorado en sede de la comisar\u00eda 1\u00b0<\/p>\n","protected":false},"excerpt":{"rendered":"<p>Un joven de 24 a\u00f1os de edad fue demorado este jueves por la noche al atacar a piedrazos el frente de la casa de la pareja de su padre. El hecho, seg\u00fan informaci\u00f3n policial, ocurri\u00f3 en una vivienda de barrio Mitre de San Lorenzo. La v\u00edctima, una mujer de 31 a\u00f1os de edad, denunci\u00f3 a [&hellip;]<\/p>\n","protected":false},"author":9,"featured_media":742,"comment_status":"closed","ping_status":"open","sticky":false,"template":"","format":"standard","meta":{"tdm_status":"","tdm_grid_status":"","footnotes":""},"categories":[9],"tags":[177,172,58,174],"class_list":{"0":"post-741","1":"post","2":"type-post","3":"status-publish","4":"format-standard","5":"has-post-thumbnail","7":"category-policiales","8":"tag-policia","9":"tag-policiales","10":"tag-san-lorenzo","11":"tag-unidad-regional-xvii"},"_links":{"self":[{"href":"https:\/\/www.noticiasmas.com.ar\/index.php\/wp-json\/wp\/v2\/posts\/741","targetHints":{"allow":["GET"]}}],"collection":[{"href":"https:\/\/www.noticiasmas.com.ar\/index.php\/wp-json\/wp\/v2\/posts"}],"about":[{"href":"https:\/\/www.noticiasmas.com.ar\/index.php\/wp-json\/wp\/v2\/types\/post"}],"author":[{"embeddable":true,"href":"https:\/\/www.noticiasmas.com.ar\/index.php\/wp-json\/wp\/v2\/users\/9"}],"replies":[{"embeddable":true,"href":"https:\/\/www.noticiasmas.com.ar\/index.php\/wp-json\/wp\/v2\/comments?post=741"}],"version-history":[{"count":1,"href":"https:\/\/www.noticiasmas.com.ar\/index.php\/wp-json\/wp\/v2\/posts\/741\/revisions"}],"predecessor-version":[{"id":743,"href":"https:\/\/www.noticiasmas.com.ar\/index.php\/wp-json\/wp\/v2\/posts\/741\/revisions\/743"}],"wp:featuredmedia":[{"embeddable":true,"href":"https:\/\/www.noticiasmas.com.ar\/index.php\/wp-json\/wp\/v2\/media\/742"}],"wp:attachment":[{"href":"https:\/\/www.noticiasmas.com.ar\/index.php\/wp-json\/wp\/v2\/media?parent=741"}],"wp:term":[{"taxonomy":"category","embeddable":true,"href":"https:\/\/www.noticiasmas.com.ar\/index.php\/wp-json\/wp\/v2\/categories?post=741"},{"taxonomy":"post_tag","embeddable":true,"href":"https:\/\/www.noticiasmas.com.ar\/index.php\/wp-json\/wp\/v2\/tags?post=741"}],"curies":[{"name":"wp","href":"https:\/\/api.w.org\/{rel}","templated":true}]}}