{"id":7419,"date":"2024-06-27T18:26:18","date_gmt":"2024-06-27T21:26:18","guid":{"rendered":"https:\/\/www.noticiasmas.com.ar\/?p=7419"},"modified":"2024-06-27T18:26:18","modified_gmt":"2024-06-27T21:26:18","slug":"cultura-en-movimiento-desplegara-juegos-y-propuestas-artisticas-en-barrio-norte","status":"publish","type":"post","link":"https:\/\/www.noticiasmas.com.ar\/index.php\/2024\/06\/27\/cultura-en-movimiento-desplegara-juegos-y-propuestas-artisticas-en-barrio-norte\/","title":{"rendered":"\u201cCultura en Movimiento\u201d desplegar\u00e1 juegos y propuestas art\u00edsticas en barrio Norte"},"content":{"rendered":"\n<p><strong>La jornada ser\u00e1 este s\u00e1bado 29 desde las 14 h en el centro comunitario de Clemente Albelo 4100. El programa de la Subsecretar\u00eda de Cultura busca facilitar y promover el acceso al arte en los barrios de la ciudad.<\/strong><\/p>\n\n\n\n<p>Este s\u00e1bado 29, a partir de las 14 h, se desarrollar\u00e1 en el Centro Comunitario Evita de barrio Norte (Clemente Albelo 4100) una nueva jornada de \u201cCultura en Movimiento\u201d, ciclo de intervenciones art\u00edsticas, juegos y talleres que recorre los barrios de la ciudad. El encuentro abarcar\u00e1 adem\u00e1s a los barrios D\u00edaz V\u00e9lez e Islas Malvinas.<\/p>\n\n\n\n<p>El ciclo, organizado por la Subsecretar\u00eda de Cultura de la Municipalidad, tiene como prop\u00f3sito descentralizar actividades art\u00edsticas, facilitar y promover su acceso en todos los puntos de la ciudad. Para ello rota cada dos semanas por las vecinales de los barrios sanlorencinos.<\/p>\n\n\n\n<p>La actividad estar\u00e1 a cargo de Leo Flores, Naty Camino, personal del Centro Centro Cultural y Educativo Municipal y del Servicio de Asistencia Educativa.<\/p>\n\n\n\n<p>Puntualmente, en este encuentro habr\u00e1 juegos para chicos, talleres de baile y meriendas. Con propuestas para todos los gustos, la oferta variar\u00e1 de jornada a jornada.<\/p>\n","protected":false},"excerpt":{"rendered":"<p>La jornada ser\u00e1 este s\u00e1bado 29 desde las 14 h en el centro comunitario de Clemente Albelo 4100. El programa de la Subsecretar\u00eda de Cultura busca facilitar y promover el acceso al arte en los barrios de la ciudad. Este s\u00e1bado 29, a partir de las 14 h, se desarrollar\u00e1 en el Centro Comunitario Evita [&hellip;]<\/p>\n","protected":false},"author":5,"featured_media":7420,"comment_status":"closed","ping_status":"open","sticky":false,"template":"","format":"standard","meta":{"tdm_status":"","tdm_grid_status":"","footnotes":""},"categories":[13],"tags":[1461,2202,2505,2328,58],"class_list":{"0":"post-7419","1":"post","2":"type-post","3":"status-publish","4":"format-standard","5":"has-post-thumbnail","7":"category-region","8":"tag-barrio-norte","9":"tag-cultura-en-movimiento","10":"tag-diaz-velez","11":"tag-islas-malvinas","12":"tag-san-lorenzo"},"_links":{"self":[{"href":"https:\/\/www.noticiasmas.com.ar\/index.php\/wp-json\/wp\/v2\/posts\/7419","targetHints":{"allow":["GET"]}}],"collection":[{"href":"https:\/\/www.noticiasmas.com.ar\/index.php\/wp-json\/wp\/v2\/posts"}],"about":[{"href":"https:\/\/www.noticiasmas.com.ar\/index.php\/wp-json\/wp\/v2\/types\/post"}],"author":[{"embeddable":true,"href":"https:\/\/www.noticiasmas.com.ar\/index.php\/wp-json\/wp\/v2\/users\/5"}],"replies":[{"embeddable":true,"href":"https:\/\/www.noticiasmas.com.ar\/index.php\/wp-json\/wp\/v2\/comments?post=7419"}],"version-history":[{"count":1,"href":"https:\/\/www.noticiasmas.com.ar\/index.php\/wp-json\/wp\/v2\/posts\/7419\/revisions"}],"predecessor-version":[{"id":7421,"href":"https:\/\/www.noticiasmas.com.ar\/index.php\/wp-json\/wp\/v2\/posts\/7419\/revisions\/7421"}],"wp:featuredmedia":[{"embeddable":true,"href":"https:\/\/www.noticiasmas.com.ar\/index.php\/wp-json\/wp\/v2\/media\/7420"}],"wp:attachment":[{"href":"https:\/\/www.noticiasmas.com.ar\/index.php\/wp-json\/wp\/v2\/media?parent=7419"}],"wp:term":[{"taxonomy":"category","embeddable":true,"href":"https:\/\/www.noticiasmas.com.ar\/index.php\/wp-json\/wp\/v2\/categories?post=7419"},{"taxonomy":"post_tag","embeddable":true,"href":"https:\/\/www.noticiasmas.com.ar\/index.php\/wp-json\/wp\/v2\/tags?post=7419"}],"curies":[{"name":"wp","href":"https:\/\/api.w.org\/{rel}","templated":true}]}}