{"id":7645,"date":"2024-07-11T09:31:04","date_gmt":"2024-07-11T12:31:04","guid":{"rendered":"https:\/\/www.noticiasmas.com.ar\/?p=7645"},"modified":"2024-07-11T09:31:05","modified_gmt":"2024-07-11T12:31:05","slug":"bloquearon-la-pagina-futbol-libre-y-quedo-detenida-una-persona","status":"publish","type":"post","link":"https:\/\/www.noticiasmas.com.ar\/index.php\/2024\/07\/11\/bloquearon-la-pagina-futbol-libre-y-quedo-detenida-una-persona\/","title":{"rendered":"Bloquearon la p\u00e1gina F\u00fatbol Libre y qued\u00f3 detenida una persona"},"content":{"rendered":"\n<p><\/p>\n\n\n\n<p>En una jornada de alta demanda de la p\u00e1gina \u201cpirata\u201d de emisi\u00f3n gratuita de eventos deportivos F\u00fatbol Libre, la Justicia Federal encabez\u00f3 una serie de allanamientos que derivaron en la detenci\u00f3n de una persona y en la suspensi\u00f3n de 50 dominios de la p\u00e1gina web.<\/p>\n\n\n\n<p>La Copa Am\u00e9rica y su televisaci\u00f3n de partidos, muchos de ellos de forma exclusiva, por la cadena DirectTv Sports, gener\u00f3 una alta demanda de sitios para ver deportes, los cuales retransmiten la se\u00f1al oficial de forma ilegal, algo que ocurre en otros sitios y a escala global.<\/p>\n\n\n\n<p>Ante esto, la Justicia actu\u00f3 por una serie de demandas de la Alianza Contra la Pirater\u00eda Audiovisual, y se realizaron una serie de allanamientos en Mendoza, principalmente en el Departamento Godoy Cruz.<\/p>\n\n\n\n<p>All\u00ed qued\u00f3 detenida una persona, creador y administrador del sitio Megadeportes, por presunta violaci\u00f3n a los derechos de la propiedad intelectual que poseen las se\u00f1ales deportivas.<\/p>\n\n\n\n<p>Tambi\u00e9n quedaron clausurados y fuera de servicio 50 dominios vinculados a F\u00fatbol Libre y Megadeportes. El procedimiento ocurri\u00f3, para tomar mayor notoriedad p\u00fablica, al momento de la televisaci\u00f3n del partido entre Uruguay y Colombia.<\/p>\n","protected":false},"excerpt":{"rendered":"<p>En una jornada de alta demanda de la p\u00e1gina \u201cpirata\u201d de emisi\u00f3n gratuita de eventos deportivos F\u00fatbol Libre, la Justicia Federal encabez\u00f3 una serie de allanamientos que derivaron en la detenci\u00f3n de una persona y en la suspensi\u00f3n de 50 dominios de la p\u00e1gina web. La Copa Am\u00e9rica y su televisaci\u00f3n de partidos, muchos de [&hellip;]<\/p>\n","protected":false},"author":9,"featured_media":7647,"comment_status":"closed","ping_status":"open","sticky":false,"template":"","format":"standard","meta":{"tdm_status":"","tdm_grid_status":"","footnotes":""},"categories":[1],"tags":[2557,1017,2558,2559,172],"class_list":{"0":"post-7645","1":"post","2":"type-post","3":"status-publish","4":"format-standard","5":"has-post-thumbnail","7":"category-nacionales","8":"tag-futbol-libre","9":"tag-justicia-federal","10":"tag-mendoza","11":"tag-pirateria","12":"tag-policiales"},"_links":{"self":[{"href":"https:\/\/www.noticiasmas.com.ar\/index.php\/wp-json\/wp\/v2\/posts\/7645","targetHints":{"allow":["GET"]}}],"collection":[{"href":"https:\/\/www.noticiasmas.com.ar\/index.php\/wp-json\/wp\/v2\/posts"}],"about":[{"href":"https:\/\/www.noticiasmas.com.ar\/index.php\/wp-json\/wp\/v2\/types\/post"}],"author":[{"embeddable":true,"href":"https:\/\/www.noticiasmas.com.ar\/index.php\/wp-json\/wp\/v2\/users\/9"}],"replies":[{"embeddable":true,"href":"https:\/\/www.noticiasmas.com.ar\/index.php\/wp-json\/wp\/v2\/comments?post=7645"}],"version-history":[{"count":1,"href":"https:\/\/www.noticiasmas.com.ar\/index.php\/wp-json\/wp\/v2\/posts\/7645\/revisions"}],"predecessor-version":[{"id":7648,"href":"https:\/\/www.noticiasmas.com.ar\/index.php\/wp-json\/wp\/v2\/posts\/7645\/revisions\/7648"}],"wp:featuredmedia":[{"embeddable":true,"href":"https:\/\/www.noticiasmas.com.ar\/index.php\/wp-json\/wp\/v2\/media\/7647"}],"wp:attachment":[{"href":"https:\/\/www.noticiasmas.com.ar\/index.php\/wp-json\/wp\/v2\/media?parent=7645"}],"wp:term":[{"taxonomy":"category","embeddable":true,"href":"https:\/\/www.noticiasmas.com.ar\/index.php\/wp-json\/wp\/v2\/categories?post=7645"},{"taxonomy":"post_tag","embeddable":true,"href":"https:\/\/www.noticiasmas.com.ar\/index.php\/wp-json\/wp\/v2\/tags?post=7645"}],"curies":[{"name":"wp","href":"https:\/\/api.w.org\/{rel}","templated":true}]}}