{"id":7676,"date":"2024-07-12T16:04:54","date_gmt":"2024-07-12T19:04:54","guid":{"rendered":"https:\/\/www.noticiasmas.com.ar\/?p=7676"},"modified":"2024-07-12T16:05:10","modified_gmt":"2024-07-12T19:05:10","slug":"se-confirmo-la-copa-cordon-industrial-de-fisicoculturismo","status":"publish","type":"post","link":"https:\/\/www.noticiasmas.com.ar\/index.php\/2024\/07\/12\/se-confirmo-la-copa-cordon-industrial-de-fisicoculturismo\/","title":{"rendered":"Se confirm\u00f3 una nueva Copa Cord\u00f3n Industrial de Fisicoculturismo en San Lorenzo"},"content":{"rendered":"\n<p>El 14 de julio y el 11 de agosto pr\u00f3ximos San Lorenzo ser\u00e1 sede de los torneos provinciales de fisicoculturismo y fitness en los que ser\u00e1n elegidos los integrantes del seleccionado santafesino para el campeonato nacional de la especialidad. Los eventos fueron anunciados durante un encuentro que el intendente Raimundo mantuvo con el organizador Walter Cabrera y el presidente de la Asociaci\u00f3n Santafesina de Fisicoculturismo y Fitness, Miguel Luna, en la sala de Prensa de la Municipalidad.<\/p>\n\n\n\n<p>El Teatro Municipal Aldo Braga ser\u00e1 sede de la Copa Cord\u00f3n Industrial el 14 de julio y de la Copa Monumento a la Bandera el 11 de agosto. De ambos cert\u00e1menes saldr\u00e1n los miembros de la selecci\u00f3n que representar\u00e1 a Santa Fe en el Campeonato Nacional con sede en Merlo, provincia de Buenos Aires, los d\u00edas 24 y 25 de agosto pr\u00f3ximos.<\/p>\n\n\n\n<p>Los campeones de cada una de las 20 modalidades recibir\u00e1n la indumentaria oficial y el pago a la inscripci\u00f3n del evento cumbre a escala federal.<\/p>\n\n\n\n<p>Los torneos, de magnitud nacional, contar\u00e1n con la participaci\u00f3n de reconocidos atletas de todo el pa\u00eds, y ser\u00e1n fiscalizados por la Asociaci\u00f3n Provincial y la Federaci\u00f3n Nacional de la disciplina.<\/p>\n\n\n\n<p>Las entradas ya est\u00e1n a la venta en contacto con los n\u00fameros telef\u00f3nicos 3413247171 y 1158061674.<\/p>\n\n\n\n<p>El intendente Raimundo destac\u00f3 la relevancia de los cert\u00e1menes, as\u00ed como su impacto positivo para la ciudad. \u201cSon eventos que, al repetirse a\u00f1o tras a\u00f1o, van generando repercusi\u00f3n, y hoy reviste jerarqu\u00eda nacional. El municipio promueve estas actividades que no solamente ponen a San Lorenzo en el mapa del deporte nacional, sino que adem\u00e1s generan microturismo y un movimiento muy interesante para nuestra ciudad\u201d.<\/p>\n\n\n\n<p>Por su parte, Walter Cabrera brind\u00f3 detalles sobre el evento y agradeci\u00f3 el apoyo de la Municipalidad. \u201cSe va a hacer en un lugar que para los atletas y la asociaci\u00f3n es emblem\u00e1tico. Subir a ese escenario, en ese entorno, va a ser espectacular\u201d, concluy\u00f3.<\/p>\n","protected":false},"excerpt":{"rendered":"<p>El 14 de julio y el 11 de agosto pr\u00f3ximos San Lorenzo ser\u00e1 sede de los torneos provinciales de fisicoculturismo y fitness en los que ser\u00e1n elegidos los integrantes del seleccionado santafesino para el campeonato nacional de la especialidad. Los eventos fueron anunciados durante un encuentro que el intendente Raimundo mantuvo con el organizador Walter [&hellip;]<\/p>\n","protected":false},"author":9,"featured_media":7677,"comment_status":"closed","ping_status":"open","sticky":false,"template":"","format":"standard","meta":{"tdm_status":"","tdm_grid_status":"","footnotes":""},"categories":[10],"tags":[2565,28,2563,58,2564],"class_list":{"0":"post-7676","1":"post","2":"type-post","3":"status-publish","4":"format-standard","5":"has-post-thumbnail","7":"category-deportes","8":"tag-copa-cordon-industrial","9":"tag-deportes","10":"tag-fisicoculturismo","11":"tag-san-lorenzo","12":"tag-teatro-municipal"},"_links":{"self":[{"href":"https:\/\/www.noticiasmas.com.ar\/index.php\/wp-json\/wp\/v2\/posts\/7676","targetHints":{"allow":["GET"]}}],"collection":[{"href":"https:\/\/www.noticiasmas.com.ar\/index.php\/wp-json\/wp\/v2\/posts"}],"about":[{"href":"https:\/\/www.noticiasmas.com.ar\/index.php\/wp-json\/wp\/v2\/types\/post"}],"author":[{"embeddable":true,"href":"https:\/\/www.noticiasmas.com.ar\/index.php\/wp-json\/wp\/v2\/users\/9"}],"replies":[{"embeddable":true,"href":"https:\/\/www.noticiasmas.com.ar\/index.php\/wp-json\/wp\/v2\/comments?post=7676"}],"version-history":[{"count":2,"href":"https:\/\/www.noticiasmas.com.ar\/index.php\/wp-json\/wp\/v2\/posts\/7676\/revisions"}],"predecessor-version":[{"id":7679,"href":"https:\/\/www.noticiasmas.com.ar\/index.php\/wp-json\/wp\/v2\/posts\/7676\/revisions\/7679"}],"wp:featuredmedia":[{"embeddable":true,"href":"https:\/\/www.noticiasmas.com.ar\/index.php\/wp-json\/wp\/v2\/media\/7677"}],"wp:attachment":[{"href":"https:\/\/www.noticiasmas.com.ar\/index.php\/wp-json\/wp\/v2\/media?parent=7676"}],"wp:term":[{"taxonomy":"category","embeddable":true,"href":"https:\/\/www.noticiasmas.com.ar\/index.php\/wp-json\/wp\/v2\/categories?post=7676"},{"taxonomy":"post_tag","embeddable":true,"href":"https:\/\/www.noticiasmas.com.ar\/index.php\/wp-json\/wp\/v2\/tags?post=7676"}],"curies":[{"name":"wp","href":"https:\/\/api.w.org\/{rel}","templated":true}]}}