{"id":7701,"date":"2024-07-15T10:01:55","date_gmt":"2024-07-15T13:01:55","guid":{"rendered":"https:\/\/www.noticiasmas.com.ar\/?p=7701"},"modified":"2024-07-15T10:01:57","modified_gmt":"2024-07-15T13:01:57","slug":"se-terminan-las-bajas-temperaturas-y-empieza-a-subir-la-minima","status":"publish","type":"post","link":"https:\/\/www.noticiasmas.com.ar\/index.php\/2024\/07\/15\/se-terminan-las-bajas-temperaturas-y-empieza-a-subir-la-minima\/","title":{"rendered":"Se terminan las bajas temperaturas y empieza a subir la m\u00ednima"},"content":{"rendered":"\n<p><\/p>\n\n\n\n<p>La semana comienza este lunes 15 de julio con un cielo parcialmente nublado pero con el pron\u00f3stico de que de ahora en m\u00e1s, las baj\u00edsimas temperaturas que experimentamos d\u00edas anteriores ser\u00e1n historia.<\/p>\n\n\n\n<p>En los pr\u00f3ximos d\u00edas, la m\u00ednimas dejar\u00e1n de contabilizarse bajo cero, y empezaremos a tener un clima con alg\u00fan par\u00e1metro que frecuent\u00e1bamos a\u00f1os atr\u00e1s.<\/p>\n\n\n\n<p>Hoy, el cielo trae nubarrones que algunas gotas en forma de llovizna dejan caer. Esta inestabilidad continuar\u00eda, al menos, hasta el mi\u00e9rcoles.<\/p>\n\n\n\n<p>El Servicio Meteorol\u00f3gico Nacional estima que las m\u00ednimas, en los d\u00edas venideros, estar\u00e1n promediando los 6\u00b0C. Para el viernes, se esperan hasta 10\u00b0C de piso. \u00bfHasta d\u00f3nde llegaremos? La m\u00e1xima, el jueves, llegar\u00eda a los 23\u00b0C.<\/p>\n","protected":false},"excerpt":{"rendered":"<p>La semana comienza este lunes 15 de julio con un cielo parcialmente nublado pero con el pron\u00f3stico de que de ahora en m\u00e1s, las baj\u00edsimas temperaturas que experimentamos d\u00edas anteriores ser\u00e1n historia. En los pr\u00f3ximos d\u00edas, la m\u00ednimas dejar\u00e1n de contabilizarse bajo cero, y empezaremos a tener un clima con alg\u00fan par\u00e1metro que frecuent\u00e1bamos a\u00f1os [&hellip;]<\/p>\n","protected":false},"author":9,"featured_media":7702,"comment_status":"closed","ping_status":"open","sticky":false,"template":"","format":"standard","meta":{"tdm_status":"","tdm_grid_status":"","footnotes":""},"categories":[13],"tags":[138,1061,587,58,715],"class_list":{"0":"post-7701","1":"post","2":"type-post","3":"status-publish","4":"format-standard","5":"has-post-thumbnail","7":"category-region","8":"tag-clima","9":"tag-cordon-industrial","10":"tag-frio","11":"tag-san-lorenzo","12":"tag-temperatura"},"_links":{"self":[{"href":"https:\/\/www.noticiasmas.com.ar\/index.php\/wp-json\/wp\/v2\/posts\/7701","targetHints":{"allow":["GET"]}}],"collection":[{"href":"https:\/\/www.noticiasmas.com.ar\/index.php\/wp-json\/wp\/v2\/posts"}],"about":[{"href":"https:\/\/www.noticiasmas.com.ar\/index.php\/wp-json\/wp\/v2\/types\/post"}],"author":[{"embeddable":true,"href":"https:\/\/www.noticiasmas.com.ar\/index.php\/wp-json\/wp\/v2\/users\/9"}],"replies":[{"embeddable":true,"href":"https:\/\/www.noticiasmas.com.ar\/index.php\/wp-json\/wp\/v2\/comments?post=7701"}],"version-history":[{"count":1,"href":"https:\/\/www.noticiasmas.com.ar\/index.php\/wp-json\/wp\/v2\/posts\/7701\/revisions"}],"predecessor-version":[{"id":7703,"href":"https:\/\/www.noticiasmas.com.ar\/index.php\/wp-json\/wp\/v2\/posts\/7701\/revisions\/7703"}],"wp:featuredmedia":[{"embeddable":true,"href":"https:\/\/www.noticiasmas.com.ar\/index.php\/wp-json\/wp\/v2\/media\/7702"}],"wp:attachment":[{"href":"https:\/\/www.noticiasmas.com.ar\/index.php\/wp-json\/wp\/v2\/media?parent=7701"}],"wp:term":[{"taxonomy":"category","embeddable":true,"href":"https:\/\/www.noticiasmas.com.ar\/index.php\/wp-json\/wp\/v2\/categories?post=7701"},{"taxonomy":"post_tag","embeddable":true,"href":"https:\/\/www.noticiasmas.com.ar\/index.php\/wp-json\/wp\/v2\/tags?post=7701"}],"curies":[{"name":"wp","href":"https:\/\/api.w.org\/{rel}","templated":true}]}}