{"id":7820,"date":"2024-07-19T11:49:50","date_gmt":"2024-07-19T14:49:50","guid":{"rendered":"https:\/\/www.noticiasmas.com.ar\/?p=7820"},"modified":"2024-07-19T11:49:51","modified_gmt":"2024-07-19T14:49:51","slug":"los-ahorros-a-la-boleta-de-luz-caputo-dijo-que-los-dolares-van-a-usarse-para-pagar-impuestos","status":"publish","type":"post","link":"https:\/\/www.noticiasmas.com.ar\/index.php\/2024\/07\/19\/los-ahorros-a-la-boleta-de-luz-caputo-dijo-que-los-dolares-van-a-usarse-para-pagar-impuestos\/","title":{"rendered":"Los ahorros a la boleta de luz: Caputo dijo que los d\u00f3lares van a usarse para pagar impuestos"},"content":{"rendered":"\n<p>El ministro de Econom\u00eda, <strong>Luis Caputo<\/strong>, afirm\u00f3 que \u201cen breve <strong>la gente va a tener que vender d\u00f3lares para pagar impuestos<\/strong>\u201d y \u201cel peso ser\u00e1 una moneda fuerte&#8221;.<\/p>\n\n\n\n<p>Por otra parte, reiter\u00f3 que en <strong>septiembre reducir\u00e1 el impuesto Pa\u00eds<\/strong> y en <strong>diciembre quedar\u00e1 eliminado<\/strong>, lo cual espera que ayude a profundizar el proceso de desinflaci\u00f3n.<\/p>\n\n\n\n<p>Adem\u00e1s le adelant\u00f3 al <strong>campo que no espere un anuncio de baja de retenciones <\/strong>durante la pr\u00f3xima inauguraci\u00f3n de la Exposici\u00f3n Rural, aunque anticip\u00f3 que se est\u00e1n estudiando algunas medidas.<\/p>\n\n\n\n<p>Asimismo, confirm\u00f3 que <strong>las reservas de oro fueron sacadas del pa\u00eds e invertidas en otras plazas con el objetivo de obtener un rendimiento adicional.<\/strong><\/p>\n\n\n\n<p>En la red social \u201cX\u201d al contestar un posteo, el ministro hab\u00eda afirmado:\u00a0<strong>\u201cVamos a secar la plaza de pesos. Algunos no se convence. La realidad probar\u00e1 que en breve la gente tendr\u00e1 que vender d\u00f3lares para pagar impuestos\u201d.<\/strong><\/p>\n\n\n\n<p>Durante la entrevista el ministro insisti\u00f3 en que reducir\u00e1 el impuesto Pa\u00eds en septiembre y lo eliminar\u00e1 en diciembre: \u201c<strong>Vamos a cumplir lo que dijimos\u201d,<\/strong>\u00a0subray\u00f3.<strong>\u201cCuando bajemos el impuesto pa\u00eds va a bajar m\u00e1s la inflaci\u00f3n porque esa rebaja va directo a precios\u201d,\u00a0<\/strong>reiter\u00f3.<\/p>\n\n\n\n<p>En consecuencia, insisti\u00f3 que el recorte de impuestos ser\u00e1 la forma en recuperar competitividad con lo cual otra vez rechaz\u00f3 la posibilidad de una devaluaci\u00f3n.<\/p>\n\n\n\n<p>Caputo subray\u00f3 que&nbsp;<strong>\u201cla gente no lo va a sentir en 6 meses, pero es una recuperaci\u00f3n fenomenal\u201d.<\/strong><\/p>\n\n\n\n<p><strong>Sobre la suba del d\u00f3lar manifest\u00f3: \u201cMe preocupa y me ocupa much\u00edsimo menos de lo que se dice.<\/strong>&nbsp;Lo m\u00e1s importante para bajar la brecha es bajar la inflaci\u00f3n. La obsesi\u00f3n nuestra es bajar la inflaci\u00f3n y vamos a tener una salida del cepo m\u00e1s ordenada\u201d.<\/p>\n\n\n\n<p>\u201cEsa impaciencia para salir del cepo nos puede llevar a un error. Del cepo no se sale r\u00e1pido, se sale bien. Estamos mucho m\u00e1s cerca, pero no es el momento ideal, ni puedo poner una fecha\u201d, insisti\u00f3 Caputo.<\/p>\n\n\n\n<p>Acerca de la salida de oro del Banco Central explic\u00f3 que: \u201cEs una movida muy positiva, porque hoy tenes oro en el BCRA que es como si tuvieras un inmueble adentro que no se puede usar para nada, Si lo ten\u00e9s afuera podes obtener retornos.<\/p>\n\n\n\n<p>Fuente: Noticias Argentinas <\/p>\n","protected":false},"excerpt":{"rendered":"<p>El ministro de Econom\u00eda, Luis Caputo, afirm\u00f3 que \u201cen breve la gente va a tener que vender d\u00f3lares para pagar impuestos\u201d y \u201cel peso ser\u00e1 una moneda fuerte&#8221;. Por otra parte, reiter\u00f3 que en septiembre reducir\u00e1 el impuesto Pa\u00eds y en diciembre quedar\u00e1 eliminado, lo cual espera que ayude a profundizar el proceso de desinflaci\u00f3n. [&hellip;]<\/p>\n","protected":false},"author":9,"featured_media":7821,"comment_status":"closed","ping_status":"open","sticky":false,"template":"","format":"standard","meta":{"tdm_status":"","tdm_grid_status":"","footnotes":""},"categories":[1],"tags":[324,2607,104,454],"class_list":{"0":"post-7820","1":"post","2":"type-post","3":"status-publish","4":"format-standard","5":"has-post-thumbnail","7":"category-nacionales","8":"tag-argentina","9":"tag-dolares","10":"tag-economia","11":"tag-luis-caputo"},"_links":{"self":[{"href":"https:\/\/www.noticiasmas.com.ar\/index.php\/wp-json\/wp\/v2\/posts\/7820","targetHints":{"allow":["GET"]}}],"collection":[{"href":"https:\/\/www.noticiasmas.com.ar\/index.php\/wp-json\/wp\/v2\/posts"}],"about":[{"href":"https:\/\/www.noticiasmas.com.ar\/index.php\/wp-json\/wp\/v2\/types\/post"}],"author":[{"embeddable":true,"href":"https:\/\/www.noticiasmas.com.ar\/index.php\/wp-json\/wp\/v2\/users\/9"}],"replies":[{"embeddable":true,"href":"https:\/\/www.noticiasmas.com.ar\/index.php\/wp-json\/wp\/v2\/comments?post=7820"}],"version-history":[{"count":1,"href":"https:\/\/www.noticiasmas.com.ar\/index.php\/wp-json\/wp\/v2\/posts\/7820\/revisions"}],"predecessor-version":[{"id":7822,"href":"https:\/\/www.noticiasmas.com.ar\/index.php\/wp-json\/wp\/v2\/posts\/7820\/revisions\/7822"}],"wp:featuredmedia":[{"embeddable":true,"href":"https:\/\/www.noticiasmas.com.ar\/index.php\/wp-json\/wp\/v2\/media\/7821"}],"wp:attachment":[{"href":"https:\/\/www.noticiasmas.com.ar\/index.php\/wp-json\/wp\/v2\/media?parent=7820"}],"wp:term":[{"taxonomy":"category","embeddable":true,"href":"https:\/\/www.noticiasmas.com.ar\/index.php\/wp-json\/wp\/v2\/categories?post=7820"},{"taxonomy":"post_tag","embeddable":true,"href":"https:\/\/www.noticiasmas.com.ar\/index.php\/wp-json\/wp\/v2\/tags?post=7820"}],"curies":[{"name":"wp","href":"https:\/\/api.w.org\/{rel}","templated":true}]}}