{"id":7866,"date":"2024-07-22T14:30:44","date_gmt":"2024-07-22T17:30:44","guid":{"rendered":"https:\/\/www.noticiasmas.com.ar\/?p=7866"},"modified":"2024-07-22T14:30:46","modified_gmt":"2024-07-22T17:30:46","slug":"violento-dia-del-amigo-disturbios-y-un-policia-golpeado-en-una-casa-de-andino","status":"publish","type":"post","link":"https:\/\/www.noticiasmas.com.ar\/index.php\/2024\/07\/22\/violento-dia-del-amigo-disturbios-y-un-policia-golpeado-en-una-casa-de-andino\/","title":{"rendered":"Violento D\u00eda del Amigo: disturbios y un polic\u00eda golpeado en una casa de Andino"},"content":{"rendered":"\n<p>Los festejos del D\u00eda del Amigo en una vivienda de Pueblo Andino terminaron en disturbios con un polic\u00eda agredido por parte de un joven en estado de ebriedad.<\/p>\n\n\n\n<p>Esto ocurri\u00f3 en un domicilio de calle Urquiza al 900, luego de una denuncia de los vecinos por disturbios y molestias. Inmediatamente, un m\u00f3vil policial de la Comisar\u00eda 13\u00b0 se dirigi\u00f3 al lugar a corroborar lo sucedido.<\/p>\n\n\n\n<p>All\u00ed, el presunto propietario de la vivienda, un joven de 26 a\u00f1os de edad quien, seg\u00fan informaci\u00f3n policial, sali\u00f3 ofuscado del lugar y amedrent\u00f3 a los uniformados.<\/p>\n\n\n\n<p>La discusi\u00f3n pas\u00f3 a mayores, cuando el denunciado avanz\u00f3 hacia uno de los polic\u00edas y lo agredi\u00f3. Seg\u00fan trascendi\u00f3, el golpe habr\u00eda provacado una fractura en la nariz del uniformado. <\/p>\n\n\n\n<p>Por esto, el joven qued\u00f3 demorado y su festejo del d\u00eda del amigo, terminado.<\/p>\n","protected":false},"excerpt":{"rendered":"<p>Los festejos del D\u00eda del Amigo en una vivienda de Pueblo Andino terminaron en disturbios con un polic\u00eda agredido por parte de un joven en estado de ebriedad. Esto ocurri\u00f3 en un domicilio de calle Urquiza al 900, luego de una denuncia de los vecinos por disturbios y molestias. Inmediatamente, un m\u00f3vil policial de la [&hellip;]<\/p>\n","protected":false},"author":9,"featured_media":7867,"comment_status":"closed","ping_status":"open","sticky":false,"template":"","format":"standard","meta":{"tdm_status":"","tdm_grid_status":"","footnotes":""},"categories":[9],"tags":[122,172,109],"class_list":{"0":"post-7866","1":"post","2":"type-post","3":"status-publish","4":"format-standard","5":"has-post-thumbnail","7":"category-policiales","8":"tag-comisaria","9":"tag-policiales","10":"tag-pueblo-andino"},"_links":{"self":[{"href":"https:\/\/www.noticiasmas.com.ar\/index.php\/wp-json\/wp\/v2\/posts\/7866","targetHints":{"allow":["GET"]}}],"collection":[{"href":"https:\/\/www.noticiasmas.com.ar\/index.php\/wp-json\/wp\/v2\/posts"}],"about":[{"href":"https:\/\/www.noticiasmas.com.ar\/index.php\/wp-json\/wp\/v2\/types\/post"}],"author":[{"embeddable":true,"href":"https:\/\/www.noticiasmas.com.ar\/index.php\/wp-json\/wp\/v2\/users\/9"}],"replies":[{"embeddable":true,"href":"https:\/\/www.noticiasmas.com.ar\/index.php\/wp-json\/wp\/v2\/comments?post=7866"}],"version-history":[{"count":1,"href":"https:\/\/www.noticiasmas.com.ar\/index.php\/wp-json\/wp\/v2\/posts\/7866\/revisions"}],"predecessor-version":[{"id":7868,"href":"https:\/\/www.noticiasmas.com.ar\/index.php\/wp-json\/wp\/v2\/posts\/7866\/revisions\/7868"}],"wp:featuredmedia":[{"embeddable":true,"href":"https:\/\/www.noticiasmas.com.ar\/index.php\/wp-json\/wp\/v2\/media\/7867"}],"wp:attachment":[{"href":"https:\/\/www.noticiasmas.com.ar\/index.php\/wp-json\/wp\/v2\/media?parent=7866"}],"wp:term":[{"taxonomy":"category","embeddable":true,"href":"https:\/\/www.noticiasmas.com.ar\/index.php\/wp-json\/wp\/v2\/categories?post=7866"},{"taxonomy":"post_tag","embeddable":true,"href":"https:\/\/www.noticiasmas.com.ar\/index.php\/wp-json\/wp\/v2\/tags?post=7866"}],"curies":[{"name":"wp","href":"https:\/\/api.w.org\/{rel}","templated":true}]}}