{"id":7869,"date":"2024-07-22T15:18:49","date_gmt":"2024-07-22T18:18:49","guid":{"rendered":"https:\/\/www.noticiasmas.com.ar\/?p=7869"},"modified":"2024-07-22T15:18:51","modified_gmt":"2024-07-22T18:18:51","slug":"volvio-el-boleto-educativo-gratuito-tras-el-receso-de-vacaciones-de-invierno","status":"publish","type":"post","link":"https:\/\/www.noticiasmas.com.ar\/index.php\/2024\/07\/22\/volvio-el-boleto-educativo-gratuito-tras-el-receso-de-vacaciones-de-invierno\/","title":{"rendered":"Volvi\u00f3 el boleto educativo gratuito tras el receso de vacaciones de invierno"},"content":{"rendered":"\n<p>El <strong>boleto educativo gratuito<\/strong>, beneficio exclusivo para estudiantes, docentes y personal de todos los niveles de la educaci\u00f3n santafesina, volvi\u00f3 a estar disponible a partir de este lunes 22 de julio.<\/p>\n\n\n\n<p>Una vez concluido el receso invernal en el \u00e1mbito de la educaci\u00f3n, el beneficio que obtienen m\u00e1s de 317.000 usuarios del sistema de transporte en Santa Fe retomar\u00e1 su habilitaci\u00f3n, descont\u00e1ndose inmediatamente al apoyar la tarjeta SUBE en el lector de la unidad.<\/p>\n\n\n\n<p>Este beneficio que otorga la provincia de Santa Fe a estudiantes, docentes y no docentes continu\u00f3 para estos dos \u00faltimos durante las vacaciones de invierno debido a que muchos de ellos continuaron cumpliendo tareas en los establecimientos educativos.<\/p>\n\n\n\n<p>A\u00fan se encuentra abierta la inscripci\u00f3n para acceder al beneficio, que otorga dos pasajes completamente subsidiados de forma diaria para asistir a las escuelas, institutos y facultades de cualquier \u00edndole en Santa Fe.<\/p>\n\n\n\n<p>Las condiciones y requisitos del mismo se encuentran disponibles en <a href=\"http:\/\/www.santafe.gob.ar\/boletoeducativo.\" data-type=\"link\" data-id=\"www.santafe.gob.ar\/boletoeducativo.\">www.santafe.gob.ar\/boletoeducativo<\/a>.<\/p>\n","protected":false},"excerpt":{"rendered":"<p>El boleto educativo gratuito, beneficio exclusivo para estudiantes, docentes y personal de todos los niveles de la educaci\u00f3n santafesina, volvi\u00f3 a estar disponible a partir de este lunes 22 de julio. Una vez concluido el receso invernal en el \u00e1mbito de la educaci\u00f3n, el beneficio que obtienen m\u00e1s de 317.000 usuarios del sistema de transporte [&hellip;]<\/p>\n","protected":false},"author":9,"featured_media":7870,"comment_status":"closed","ping_status":"open","sticky":false,"template":"","format":"standard","meta":{"tdm_status":"","tdm_grid_status":"","footnotes":""},"categories":[14],"tags":[722,149,18],"class_list":{"0":"post-7869","1":"post","2":"type-post","3":"status-publish","4":"format-standard","5":"has-post-thumbnail","7":"category-provinciales","8":"tag-boleto-educativo-gratuito","9":"tag-educacion","10":"tag-santa-fe"},"_links":{"self":[{"href":"https:\/\/www.noticiasmas.com.ar\/index.php\/wp-json\/wp\/v2\/posts\/7869","targetHints":{"allow":["GET"]}}],"collection":[{"href":"https:\/\/www.noticiasmas.com.ar\/index.php\/wp-json\/wp\/v2\/posts"}],"about":[{"href":"https:\/\/www.noticiasmas.com.ar\/index.php\/wp-json\/wp\/v2\/types\/post"}],"author":[{"embeddable":true,"href":"https:\/\/www.noticiasmas.com.ar\/index.php\/wp-json\/wp\/v2\/users\/9"}],"replies":[{"embeddable":true,"href":"https:\/\/www.noticiasmas.com.ar\/index.php\/wp-json\/wp\/v2\/comments?post=7869"}],"version-history":[{"count":1,"href":"https:\/\/www.noticiasmas.com.ar\/index.php\/wp-json\/wp\/v2\/posts\/7869\/revisions"}],"predecessor-version":[{"id":7871,"href":"https:\/\/www.noticiasmas.com.ar\/index.php\/wp-json\/wp\/v2\/posts\/7869\/revisions\/7871"}],"wp:featuredmedia":[{"embeddable":true,"href":"https:\/\/www.noticiasmas.com.ar\/index.php\/wp-json\/wp\/v2\/media\/7870"}],"wp:attachment":[{"href":"https:\/\/www.noticiasmas.com.ar\/index.php\/wp-json\/wp\/v2\/media?parent=7869"}],"wp:term":[{"taxonomy":"category","embeddable":true,"href":"https:\/\/www.noticiasmas.com.ar\/index.php\/wp-json\/wp\/v2\/categories?post=7869"},{"taxonomy":"post_tag","embeddable":true,"href":"https:\/\/www.noticiasmas.com.ar\/index.php\/wp-json\/wp\/v2\/tags?post=7869"}],"curies":[{"name":"wp","href":"https:\/\/api.w.org\/{rel}","templated":true}]}}