{"id":794,"date":"2023-12-04T09:26:48","date_gmt":"2023-12-04T12:26:48","guid":{"rendered":"https:\/\/www.noticiasmas.com.ar\/?p=794"},"modified":"2023-12-04T09:26:49","modified_gmt":"2023-12-04T12:26:49","slug":"usina-de-la-cultura-se-realizo-el-cierre-de-los-talleres-2023","status":"publish","type":"post","link":"https:\/\/www.noticiasmas.com.ar\/index.php\/2023\/12\/04\/usina-de-la-cultura-se-realizo-el-cierre-de-los-talleres-2023\/","title":{"rendered":"Usina de la Cultura: Se realiz\u00f3 el cierre de los talleres 2023"},"content":{"rendered":"\n<p>El Gobierno de Timb\u00faes recibi\u00f3 a m\u00e1s de 1000 alumnos durante todo el a\u00f1o en los talleres de Educaci\u00f3n y Cultura que se brindan a trav\u00e9s del Centro Cultural Comunal.<\/p>\n\n\n\n<p>El martes 21 de noviembre comenz\u00f3 a desarrollarse el cierre de a\u00f1o de cada uno de los 38 talleres.<\/p>\n\n\n\n<p>Los talleres, tanto los educativos como los recreativos, son espacios donde se desarrolla la creatividad, la imaginaci\u00f3n y la participaci\u00f3n social. En ellos se incentiva a que sus participantes aprendan nuevas competencias mientras se divierten.<\/p>\n\n\n\n<figure class=\"wp-block-image size-large\"><img loading=\"lazy\" decoding=\"async\" width=\"1024\" height=\"683\" src=\"https:\/\/www.noticiasmas.com.ar\/wp-content\/uploads\/2023\/12\/WhatsApp-Image-2023-12-04-at-09.24.16-1-1024x683.jpeg\" alt=\"\" class=\"wp-image-800\" srcset=\"https:\/\/www.noticiasmas.com.ar\/wp-content\/uploads\/2023\/12\/WhatsApp-Image-2023-12-04-at-09.24.16-1-1024x683.jpeg 1024w, https:\/\/www.noticiasmas.com.ar\/wp-content\/uploads\/2023\/12\/WhatsApp-Image-2023-12-04-at-09.24.16-1-300x200.jpeg 300w, https:\/\/www.noticiasmas.com.ar\/wp-content\/uploads\/2023\/12\/WhatsApp-Image-2023-12-04-at-09.24.16-1-768x512.jpeg 768w, https:\/\/www.noticiasmas.com.ar\/wp-content\/uploads\/2023\/12\/WhatsApp-Image-2023-12-04-at-09.24.16-1-150x100.jpeg 150w, https:\/\/www.noticiasmas.com.ar\/wp-content\/uploads\/2023\/12\/WhatsApp-Image-2023-12-04-at-09.24.16-1-696x464.jpeg 696w, https:\/\/www.noticiasmas.com.ar\/wp-content\/uploads\/2023\/12\/WhatsApp-Image-2023-12-04-at-09.24.16-1-1068x712.jpeg 1068w, https:\/\/www.noticiasmas.com.ar\/wp-content\/uploads\/2023\/12\/WhatsApp-Image-2023-12-04-at-09.24.16-1.jpeg 1080w\" sizes=\"auto, (max-width: 1024px) 100vw, 1024px\" \/><\/figure>\n\n\n\n<p>Son una especie de aulas de recursos que fomentan la inspiraci\u00f3n, el libre pensamiento y la interacci\u00f3n grupal.<\/p>\n\n\n\n<p>Al ser p\u00fablicos y gratuitos, constituyen una herramienta indispensable para la construcci\u00f3n de una sociedad m\u00e1s equitativa y desarrollada pues democratiza el acceso a las oportunidades de aprendizaje y esparcimiento para toda la comunidad.<\/p>\n\n\n\n<p>Las muestras que se pudieron disfrutar fueron los talleres de bordado, tejido, fotograf\u00eda, dise\u00f1o gr\u00e1fico, dibujo y pintura, corte y confecci\u00f3n, manualidades, piano, computaci\u00f3n, ingl\u00e9s, reposter\u00eda y cocina, adem\u00e1s acompa\u00f1aron en la exposici\u00f3n el equipo del Costurero Comunal<\/p>\n","protected":false},"excerpt":{"rendered":"<p>El Gobierno de Timb\u00faes recibi\u00f3 a m\u00e1s de 1000 alumnos durante todo el a\u00f1o en los talleres de Educaci\u00f3n y Cultura que se brindan a trav\u00e9s del Centro Cultural Comunal. El martes 21 de noviembre comenz\u00f3 a desarrollarse el cierre de a\u00f1o de cada uno de los 38 talleres. Los talleres, tanto los educativos como [&hellip;]<\/p>\n","protected":false},"author":3,"featured_media":798,"comment_status":"closed","ping_status":"open","sticky":false,"template":"","format":"standard","meta":{"tdm_status":"","tdm_grid_status":"","footnotes":""},"categories":[4],"tags":[198,196,197],"class_list":{"0":"post-794","1":"post","2":"type-post","3":"status-publish","4":"format-standard","5":"has-post-thumbnail","7":"category-culturayespectaculos","8":"tag-alumnos","9":"tag-tallleres","10":"tag-timbues"},"_links":{"self":[{"href":"https:\/\/www.noticiasmas.com.ar\/index.php\/wp-json\/wp\/v2\/posts\/794","targetHints":{"allow":["GET"]}}],"collection":[{"href":"https:\/\/www.noticiasmas.com.ar\/index.php\/wp-json\/wp\/v2\/posts"}],"about":[{"href":"https:\/\/www.noticiasmas.com.ar\/index.php\/wp-json\/wp\/v2\/types\/post"}],"author":[{"embeddable":true,"href":"https:\/\/www.noticiasmas.com.ar\/index.php\/wp-json\/wp\/v2\/users\/3"}],"replies":[{"embeddable":true,"href":"https:\/\/www.noticiasmas.com.ar\/index.php\/wp-json\/wp\/v2\/comments?post=794"}],"version-history":[{"count":2,"href":"https:\/\/www.noticiasmas.com.ar\/index.php\/wp-json\/wp\/v2\/posts\/794\/revisions"}],"predecessor-version":[{"id":801,"href":"https:\/\/www.noticiasmas.com.ar\/index.php\/wp-json\/wp\/v2\/posts\/794\/revisions\/801"}],"wp:featuredmedia":[{"embeddable":true,"href":"https:\/\/www.noticiasmas.com.ar\/index.php\/wp-json\/wp\/v2\/media\/798"}],"wp:attachment":[{"href":"https:\/\/www.noticiasmas.com.ar\/index.php\/wp-json\/wp\/v2\/media?parent=794"}],"wp:term":[{"taxonomy":"category","embeddable":true,"href":"https:\/\/www.noticiasmas.com.ar\/index.php\/wp-json\/wp\/v2\/categories?post=794"},{"taxonomy":"post_tag","embeddable":true,"href":"https:\/\/www.noticiasmas.com.ar\/index.php\/wp-json\/wp\/v2\/tags?post=794"}],"curies":[{"name":"wp","href":"https:\/\/api.w.org\/{rel}","templated":true}]}}