{"id":7995,"date":"2024-07-26T10:52:01","date_gmt":"2024-07-26T13:52:01","guid":{"rendered":"https:\/\/www.noticiasmas.com.ar\/?p=7995"},"modified":"2024-07-26T10:52:03","modified_gmt":"2024-07-26T13:52:03","slug":"paralisis-vuelve-a-presentarse-en-san-lorenzo","status":"publish","type":"post","link":"https:\/\/www.noticiasmas.com.ar\/index.php\/2024\/07\/26\/paralisis-vuelve-a-presentarse-en-san-lorenzo\/","title":{"rendered":"\u201cPar\u00e1lisis\u201d vuelve a presentarse en San Lorenzo"},"content":{"rendered":"\n<p>La obra de teatro <strong>Par\u00e1lisis volver\u00e1 a presentarse<\/strong> en la ciudad de San Lorenzo luego de un demandado estreno en la <strong>Sala Bernardo Perrone<\/strong>.<\/p>\n\n\n\n<p>Los pr\u00f3ximos <strong>viernes 9 y s\u00e1bado 10 de agosto <\/strong>a las <strong>21 horas<\/strong>, nuevamente en la sala ubicada en calle <strong>San Carlos 1950 de San Lorenzo<\/strong>, ser\u00e1n las nuevas funciones de la obra dirigida por Lucas Maggioni.<\/p>\n\n\n\n<p>Par\u00e1lisis trabaja la historia de Ada, una joven estudiante agobiada por las presiones de una sociedad que impone la necesidad de ser productivos todo el tiempo. Esto la lleva a sufrir episodios de par\u00e1lisis del sue\u00f1o, una afecci\u00f3n que impide el movimiento del cuerpo mientras que la conciencia sigue despierta.<\/p>\n\n\n\n<figure class=\"wp-block-embed is-type-wp-embed is-provider-noticias-mas wp-block-embed-noticias-mas\"><div class=\"wp-block-embed__wrapper\">\n<blockquote class=\"wp-embedded-content\" data-secret=\"UREW46ELrc\"><a href=\"https:\/\/www.noticiasmas.com.ar\/index.php\/2024\/07\/04\/personificar-una-patologia-la-atrevida-propuesta-teatral-de-paralisis-que-se-estrena-en-san-lorenzo\/\">Personificar una patolog\u00eda, la atrevida propuesta teatral de \u201cPar\u00e1lisis\u201d que se estrena en San Lorenzo<\/a><\/blockquote><iframe loading=\"lazy\" class=\"wp-embedded-content\" sandbox=\"allow-scripts\" security=\"restricted\" style=\"position: absolute; visibility: hidden;\" title=\"&#8220;Personificar una patolog\u00eda, la atrevida propuesta teatral de \u201cPar\u00e1lisis\u201d que se estrena en San Lorenzo&#8221; &#8212; Noticias Mas\" src=\"https:\/\/www.noticiasmas.com.ar\/index.php\/2024\/07\/04\/personificar-una-patologia-la-atrevida-propuesta-teatral-de-paralisis-que-se-estrena-en-san-lorenzo\/embed\/#?secret=leMldKfEvC#?secret=UREW46ELrc\" data-secret=\"UREW46ELrc\" width=\"600\" height=\"338\" frameborder=\"0\" marginwidth=\"0\" marginheight=\"0\" scrolling=\"no\"><\/iframe>\n<\/div><\/figure>\n\n\n\n<p>Con el tiempo, estos episodios recurrentes llevan a Ada a personificar su Par\u00e1lisis en un siniestro espectro, con el cual mantendr\u00e1 un v\u00ednculo sentimental especial.<\/p>\n\n\n\n<p>La obra cuenta con la actuaci\u00f3n de Martina Gaido y Ger\u00f3nimo Santocchi. La direcci\u00f3n de arte est\u00e1 a cargo de Sirley Ag\u00fcero Chiurchiu, la asistencia t\u00e9cnica estar\u00e1 en manos de Alfredo Deniz, mientras que el dise\u00f1o gr\u00e1fico es de Fernando Galassi.<\/p>\n\n\n\n<p>Las dos primeras presentaciones de esta producci\u00f3n fueron sumamente concurridas, recibiendo la obra muy buenas devoluciones por parte de los espectadores.<\/p>\n\n\n\n<p>Para conseguir entradas anticipadas a un precio de $5000 hay que comunicarse al tel\u00e9fono (WhatsApp) +54 9 3476 534315<\/p>\n","protected":false},"excerpt":{"rendered":"<p>La obra de teatro Par\u00e1lisis volver\u00e1 a presentarse en la ciudad de San Lorenzo luego de un demandado estreno en la Sala Bernardo Perrone. Los pr\u00f3ximos viernes 9 y s\u00e1bado 10 de agosto a las 21 horas, nuevamente en la sala ubicada en calle San Carlos 1950 de San Lorenzo, ser\u00e1n las nuevas funciones de [&hellip;]<\/p>\n","protected":false},"author":9,"featured_media":7996,"comment_status":"closed","ping_status":"open","sticky":false,"template":"","format":"standard","meta":{"tdm_status":"","tdm_grid_status":"","footnotes":""},"categories":[4],"tags":[2528,475,706,474],"class_list":{"0":"post-7995","1":"post","2":"type-post","3":"status-publish","4":"format-standard","5":"has-post-thumbnail","7":"category-culturayespectaculos","8":"tag-paralisis","9":"tag-sala-bernardo-perrone","10":"tag-san-loreno","11":"tag-teatro"},"_links":{"self":[{"href":"https:\/\/www.noticiasmas.com.ar\/index.php\/wp-json\/wp\/v2\/posts\/7995","targetHints":{"allow":["GET"]}}],"collection":[{"href":"https:\/\/www.noticiasmas.com.ar\/index.php\/wp-json\/wp\/v2\/posts"}],"about":[{"href":"https:\/\/www.noticiasmas.com.ar\/index.php\/wp-json\/wp\/v2\/types\/post"}],"author":[{"embeddable":true,"href":"https:\/\/www.noticiasmas.com.ar\/index.php\/wp-json\/wp\/v2\/users\/9"}],"replies":[{"embeddable":true,"href":"https:\/\/www.noticiasmas.com.ar\/index.php\/wp-json\/wp\/v2\/comments?post=7995"}],"version-history":[{"count":1,"href":"https:\/\/www.noticiasmas.com.ar\/index.php\/wp-json\/wp\/v2\/posts\/7995\/revisions"}],"predecessor-version":[{"id":7997,"href":"https:\/\/www.noticiasmas.com.ar\/index.php\/wp-json\/wp\/v2\/posts\/7995\/revisions\/7997"}],"wp:featuredmedia":[{"embeddable":true,"href":"https:\/\/www.noticiasmas.com.ar\/index.php\/wp-json\/wp\/v2\/media\/7996"}],"wp:attachment":[{"href":"https:\/\/www.noticiasmas.com.ar\/index.php\/wp-json\/wp\/v2\/media?parent=7995"}],"wp:term":[{"taxonomy":"category","embeddable":true,"href":"https:\/\/www.noticiasmas.com.ar\/index.php\/wp-json\/wp\/v2\/categories?post=7995"},{"taxonomy":"post_tag","embeddable":true,"href":"https:\/\/www.noticiasmas.com.ar\/index.php\/wp-json\/wp\/v2\/tags?post=7995"}],"curies":[{"name":"wp","href":"https:\/\/api.w.org\/{rel}","templated":true}]}}