{"id":8147,"date":"2024-07-31T21:17:08","date_gmt":"2024-08-01T00:17:08","guid":{"rendered":"https:\/\/www.noticiasmas.com.ar\/?p=8147"},"modified":"2024-07-31T21:17:09","modified_gmt":"2024-08-01T00:17:09","slug":"paritaria-docente-el-gobierno-ofrecio-995-de-aumento-para-el-trimestre-julio-septiembre","status":"publish","type":"post","link":"https:\/\/www.noticiasmas.com.ar\/index.php\/2024\/07\/31\/paritaria-docente-el-gobierno-ofrecio-995-de-aumento-para-el-trimestre-julio-septiembre\/","title":{"rendered":"Paritaria docente: El Gobierno ofreci\u00f3 9,95% de aumento para el trimestre julio &#8211; septiembre"},"content":{"rendered":"\n<p>Tras el segundo encuentro paritario, el gobierno santafesino hizo su ofrecimiento a los gremios docentes, el cual ser\u00e1 evaluado en Asamblea Provincial. El mismo consta de un incremento cercano al 10 % dividido en los pr\u00f3ximos tres meses.<\/p>\n\n\n\n<p>Rodrigo Alonso -Sec. Gral de AMSAFE- en conferencia de prensa expres\u00f3 \u201cla propuesta es un incremento primero teniendo como base el mes de junio un incremento para activos y pasivos y jubilados del 4,5% en el mes de julio, del 3% en agosto y del 2,45% en el mes de septiembre, con un garantizado de 50.000 pesos que es por cargo que a su vez ese garantizado de 50.000 pesos tambi\u00e9n es proporcional por horas c\u00e1tedras con una nueva convocatoria paritaria para el 22 de agosto y la convocatoria a traslado y titularizaci\u00f3n para los niveles inicial, primario y modalidad especial que era uno de los temas que nosotros ven\u00edamos exigiendo en el acta paritaria\u201d<\/p>\n\n\n\n<p>Adem\u00e1s, \u201caparecen las exigencias tanto de AMSAFE como de SADOP que tienen que ver por supuesto con nuestro rechazo al premio, a los descuentos por el d\u00eda de paro, con nuestra defensa del sistema jubilatorio particularmente tambi\u00e9n en AMSAFE nuestra preocupaci\u00f3n por la situaci\u00f3n de la obra social y sobre el concurso de ascenso a cargos directivos donde estamos exigiendo la garant\u00eda del tiempo y la conectividad para poder llevar adelante las evaluaciones, una de las cuales comienza el pr\u00f3ximo s\u00e1bado.\u201d<\/p>\n\n\n\n<p>Sobre la propuesta salarial, \u201cque ser\u00eda 9,95% est\u00e1 claro que a nuestro entender es una propuesta que podemos decir que es incompleta porque que no da cuenta de nuestro reclamo sobre la deuda que tiene el gobierno de la provincia con los activos y los jubilados del 22,4% correspondiente al mes de enero no da cuenta de lo que hemos perdido en el primer semestre del a\u00f1o por lo tanto nosotros indudablemente que esper\u00e1bamos una propuesta que vaya m\u00e1s en l\u00ednea con las dificultades econ\u00f3micas que estamos atravesando los docentes, activos y jubilados.\u201d<\/p>\n\n\n\n<p>En relaci\u00f3n a la definici\u00f3n por parte de AMSAFE, dijo \u201clo vamos a poner a consideraci\u00f3n de las bases, vamos a estar convocando a asamblea provincial para el pr\u00f3ximo viernes a las 17 horas por lo tanto a partir de ma\u00f1ana a la ma\u00f1ana se van a llevar adelante los 19 departamentos de la provincia las asambleas departamentales y a partir del jueves al mediod\u00eda se estar\u00e1 votando el viernes a la tarde vamos a sintetizar la opini\u00f3n de las y los trabajadores de la educaci\u00f3n.\u201d<\/p>\n","protected":false},"excerpt":{"rendered":"<p>Tras el segundo encuentro paritario, el gobierno santafesino hizo su ofrecimiento a los gremios docentes, el cual ser\u00e1 evaluado en Asamblea Provincial. El mismo consta de un incremento cercano al 10 % dividido en los pr\u00f3ximos tres meses. Rodrigo Alonso -Sec. Gral de AMSAFE- en conferencia de prensa expres\u00f3 \u201cla propuesta es un incremento primero [&hellip;]<\/p>\n","protected":false},"author":5,"featured_media":8148,"comment_status":"closed","ping_status":"open","sticky":false,"template":"","format":"standard","meta":{"tdm_status":"","tdm_grid_status":"","footnotes":""},"categories":[14],"tags":[800,926,1428,1149],"class_list":{"0":"post-8147","1":"post","2":"type-post","3":"status-publish","4":"format-standard","5":"has-post-thumbnail","7":"category-provinciales","8":"tag-amsafe","9":"tag-paritaria-docente","10":"tag-propuesta","11":"tag-rodrigo-alonso"},"_links":{"self":[{"href":"https:\/\/www.noticiasmas.com.ar\/index.php\/wp-json\/wp\/v2\/posts\/8147","targetHints":{"allow":["GET"]}}],"collection":[{"href":"https:\/\/www.noticiasmas.com.ar\/index.php\/wp-json\/wp\/v2\/posts"}],"about":[{"href":"https:\/\/www.noticiasmas.com.ar\/index.php\/wp-json\/wp\/v2\/types\/post"}],"author":[{"embeddable":true,"href":"https:\/\/www.noticiasmas.com.ar\/index.php\/wp-json\/wp\/v2\/users\/5"}],"replies":[{"embeddable":true,"href":"https:\/\/www.noticiasmas.com.ar\/index.php\/wp-json\/wp\/v2\/comments?post=8147"}],"version-history":[{"count":1,"href":"https:\/\/www.noticiasmas.com.ar\/index.php\/wp-json\/wp\/v2\/posts\/8147\/revisions"}],"predecessor-version":[{"id":8149,"href":"https:\/\/www.noticiasmas.com.ar\/index.php\/wp-json\/wp\/v2\/posts\/8147\/revisions\/8149"}],"wp:featuredmedia":[{"embeddable":true,"href":"https:\/\/www.noticiasmas.com.ar\/index.php\/wp-json\/wp\/v2\/media\/8148"}],"wp:attachment":[{"href":"https:\/\/www.noticiasmas.com.ar\/index.php\/wp-json\/wp\/v2\/media?parent=8147"}],"wp:term":[{"taxonomy":"category","embeddable":true,"href":"https:\/\/www.noticiasmas.com.ar\/index.php\/wp-json\/wp\/v2\/categories?post=8147"},{"taxonomy":"post_tag","embeddable":true,"href":"https:\/\/www.noticiasmas.com.ar\/index.php\/wp-json\/wp\/v2\/tags?post=8147"}],"curies":[{"name":"wp","href":"https:\/\/api.w.org\/{rel}","templated":true}]}}