{"id":8230,"date":"2024-08-03T10:30:02","date_gmt":"2024-08-03T13:30:02","guid":{"rendered":"https:\/\/www.noticiasmas.com.ar\/?p=8230"},"modified":"2024-08-03T10:41:21","modified_gmt":"2024-08-03T13:41:21","slug":"un-camion-volco-a-la-altura-de-baradero-en-la-autopista-rosario-buenos-aires","status":"publish","type":"post","link":"https:\/\/www.noticiasmas.com.ar\/index.php\/2024\/08\/03\/un-camion-volco-a-la-altura-de-baradero-en-la-autopista-rosario-buenos-aires\/","title":{"rendered":"Un cami\u00f3n volc\u00f3 a la altura de Baradero en la Autopista Rosario \u2013 Buenos Aires"},"content":{"rendered":"\n<p>Un importante siniestro ocurri\u00f3 este s\u00e1bado por la ma\u00f1ana a la altura de la localidad de Baradero, sobre la Ruta Nacional N\u00b09 Autopista Rosario \u2013 Buenos Aires.<\/p>\n\n\n\n<p>Seg\u00fan informaci\u00f3n preliminar, un cami\u00f3n volc\u00f3 producto de una mala maniobra sobre el cantero central de la autopista, en la mano que va en direcci\u00f3n a la ciudad de Rosario.<\/p>\n\n\n\n<p>El camionero fue asistido por personal de Bomberos de Baradero, Gendarmer\u00eda Nacional Argentina y de Seguridad Vial de la provincia de Buenos Aires, debido a que qued\u00f3 atrapado dentro de la cabina.<\/p>\n\n\n\n<p>El cami\u00f3n, un transporte de carga de maderas, qued\u00f3 tendido en el medio de la traza en una lluviosa ma\u00f1ana de s\u00e1bado.<\/p>\n\n\n\n<p>El siniestro no requiri\u00f3 de desv\u00edos previos, aunque al momento de quitar el cami\u00f3n del camino se realizar\u00e1 un operativo de tr\u00e1nsito para ralentizar el paso de los autos, por lo que se solicita precauci\u00f3n a los automovilistas.<\/p>\n","protected":false},"excerpt":{"rendered":"<p>Un importante siniestro ocurri\u00f3 este s\u00e1bado por la ma\u00f1ana a la altura de la localidad de Baradero, sobre la Ruta Nacional N\u00b09 Autopista Rosario \u2013 Buenos Aires. Seg\u00fan informaci\u00f3n preliminar, un cami\u00f3n volc\u00f3 producto de una mala maniobra sobre el cantero central de la autopista, en la mano que va en direcci\u00f3n a la ciudad [&hellip;]<\/p>\n","protected":false},"author":9,"featured_media":8231,"comment_status":"closed","ping_status":"open","sticky":false,"template":"","format":"standard","meta":{"tdm_status":"","tdm_grid_status":"","footnotes":""},"categories":[9],"tags":[1583,765,2727,571],"class_list":{"0":"post-8230","1":"post","2":"type-post","3":"status-publish","4":"format-standard","5":"has-post-thumbnail","7":"category-policiales","8":"tag-autopista","9":"tag-buenos-aires","10":"tag-ruta-9","11":"tag-transito"},"_links":{"self":[{"href":"https:\/\/www.noticiasmas.com.ar\/index.php\/wp-json\/wp\/v2\/posts\/8230","targetHints":{"allow":["GET"]}}],"collection":[{"href":"https:\/\/www.noticiasmas.com.ar\/index.php\/wp-json\/wp\/v2\/posts"}],"about":[{"href":"https:\/\/www.noticiasmas.com.ar\/index.php\/wp-json\/wp\/v2\/types\/post"}],"author":[{"embeddable":true,"href":"https:\/\/www.noticiasmas.com.ar\/index.php\/wp-json\/wp\/v2\/users\/9"}],"replies":[{"embeddable":true,"href":"https:\/\/www.noticiasmas.com.ar\/index.php\/wp-json\/wp\/v2\/comments?post=8230"}],"version-history":[{"count":3,"href":"https:\/\/www.noticiasmas.com.ar\/index.php\/wp-json\/wp\/v2\/posts\/8230\/revisions"}],"predecessor-version":[{"id":8235,"href":"https:\/\/www.noticiasmas.com.ar\/index.php\/wp-json\/wp\/v2\/posts\/8230\/revisions\/8235"}],"wp:featuredmedia":[{"embeddable":true,"href":"https:\/\/www.noticiasmas.com.ar\/index.php\/wp-json\/wp\/v2\/media\/8231"}],"wp:attachment":[{"href":"https:\/\/www.noticiasmas.com.ar\/index.php\/wp-json\/wp\/v2\/media?parent=8230"}],"wp:term":[{"taxonomy":"category","embeddable":true,"href":"https:\/\/www.noticiasmas.com.ar\/index.php\/wp-json\/wp\/v2\/categories?post=8230"},{"taxonomy":"post_tag","embeddable":true,"href":"https:\/\/www.noticiasmas.com.ar\/index.php\/wp-json\/wp\/v2\/tags?post=8230"}],"curies":[{"name":"wp","href":"https:\/\/api.w.org\/{rel}","templated":true}]}}