{"id":8285,"date":"2024-08-06T09:14:26","date_gmt":"2024-08-06T12:14:26","guid":{"rendered":"https:\/\/www.noticiasmas.com.ar\/?p=8285"},"modified":"2024-08-06T09:14:29","modified_gmt":"2024-08-06T12:14:29","slug":"colapso-de-transito-pesado-en-la-autopista-rosario-santa-fe-y-corte-en-el-cruce-con-la-a012","status":"publish","type":"post","link":"https:\/\/www.noticiasmas.com.ar\/index.php\/2024\/08\/06\/colapso-de-transito-pesado-en-la-autopista-rosario-santa-fe-y-corte-en-el-cruce-con-la-a012\/","title":{"rendered":"Colapso de tr\u00e1nsito pesado en la autopista Rosario \u2013 Santa Fe y corte en el cruce con la A012"},"content":{"rendered":"\n<p>El acceso a la autopista Rosario \u2013 Santa Fe por la Ruta Nacional A012 se encuentra cortado debido a la gran afluencia de camiones que se concentran a la espera de descargar en las terminales portuarias que hoy se encuentran de paro a nivel nacional.<\/p>\n\n\n\n<p>La medida de fuerza comenzada esta ma\u00f1ana ha paralizado la actividad en el sector agroexportador de la regi\u00f3n, por lo que los alrededor de 3000 camiones que deb\u00edan descargar este martes se encuentran detenidos a la espera de reprogramaciones con respecto a su horario de despacho de carga.<\/p>\n\n\n\n<p>Situaci\u00f3n que atrasa, a su vez, los turnos programados para ma\u00f1ana, muchos de ellos de camioneros que ya est\u00e1n en camino a las terminales de la regi\u00f3n.<\/p>\n\n\n\n<p>Aceiteros anunci\u00f3 este martes por la madrugada una medida de fuerza de alcance nacional que va en sinton\u00eda con el pedido de un aumento que, tras reuniones con las c\u00e1maras empresariales, no lleg\u00f3 a realizarse. El tr\u00e1nsito en la autopista estar\u00e1, de este modo, colapsado por el tr\u00e1nsito pesado que espera por instrucciones sobre c\u00f3mo ordenarse para hacer fluir el andar de los veh\u00edculos en esta zona de gran afluencia.<\/p>\n","protected":false},"excerpt":{"rendered":"<p>El acceso a la autopista Rosario \u2013 Santa Fe por la Ruta Nacional A012 se encuentra cortado debido a la gran afluencia de camiones que se concentran a la espera de descargar en las terminales portuarias que hoy se encuentran de paro a nivel nacional. La medida de fuerza comenzada esta ma\u00f1ana ha paralizado la [&hellip;]<\/p>\n","protected":false},"author":9,"featured_media":8286,"comment_status":"closed","ping_status":"open","sticky":false,"template":"","format":"standard","meta":{"tdm_status":"","tdm_grid_status":"","footnotes":""},"categories":[13],"tags":[223,2218,571],"class_list":{"0":"post-8285","1":"post","2":"type-post","3":"status-publish","4":"format-standard","5":"has-post-thumbnail","7":"category-region","8":"tag-autopista-rosario-santa-fe","9":"tag-paro-nacional","10":"tag-transito"},"_links":{"self":[{"href":"https:\/\/www.noticiasmas.com.ar\/index.php\/wp-json\/wp\/v2\/posts\/8285","targetHints":{"allow":["GET"]}}],"collection":[{"href":"https:\/\/www.noticiasmas.com.ar\/index.php\/wp-json\/wp\/v2\/posts"}],"about":[{"href":"https:\/\/www.noticiasmas.com.ar\/index.php\/wp-json\/wp\/v2\/types\/post"}],"author":[{"embeddable":true,"href":"https:\/\/www.noticiasmas.com.ar\/index.php\/wp-json\/wp\/v2\/users\/9"}],"replies":[{"embeddable":true,"href":"https:\/\/www.noticiasmas.com.ar\/index.php\/wp-json\/wp\/v2\/comments?post=8285"}],"version-history":[{"count":1,"href":"https:\/\/www.noticiasmas.com.ar\/index.php\/wp-json\/wp\/v2\/posts\/8285\/revisions"}],"predecessor-version":[{"id":8287,"href":"https:\/\/www.noticiasmas.com.ar\/index.php\/wp-json\/wp\/v2\/posts\/8285\/revisions\/8287"}],"wp:featuredmedia":[{"embeddable":true,"href":"https:\/\/www.noticiasmas.com.ar\/index.php\/wp-json\/wp\/v2\/media\/8286"}],"wp:attachment":[{"href":"https:\/\/www.noticiasmas.com.ar\/index.php\/wp-json\/wp\/v2\/media?parent=8285"}],"wp:term":[{"taxonomy":"category","embeddable":true,"href":"https:\/\/www.noticiasmas.com.ar\/index.php\/wp-json\/wp\/v2\/categories?post=8285"},{"taxonomy":"post_tag","embeddable":true,"href":"https:\/\/www.noticiasmas.com.ar\/index.php\/wp-json\/wp\/v2\/tags?post=8285"}],"curies":[{"name":"wp","href":"https:\/\/api.w.org\/{rel}","templated":true}]}}