{"id":8349,"date":"2024-08-07T16:32:36","date_gmt":"2024-08-07T19:32:36","guid":{"rendered":"https:\/\/www.noticiasmas.com.ar\/?p=8349"},"modified":"2024-08-07T16:32:38","modified_gmt":"2024-08-07T19:32:38","slug":"aceiteros-reitera-la-medida-de-fuerza-un-dia-mas-y-desde-la-camara-aceitera-solicitan-abrir-dialogo","status":"publish","type":"post","link":"https:\/\/www.noticiasmas.com.ar\/index.php\/2024\/08\/07\/aceiteros-reitera-la-medida-de-fuerza-un-dia-mas-y-desde-la-camara-aceitera-solicitan-abrir-dialogo\/","title":{"rendered":"Aceiteros reitera la medida de fuerza un d\u00eda m\u00e1s y desde la C\u00e1mara Aceitera solicitan abrir di\u00e1logo"},"content":{"rendered":"\n<p>La Huelga Nacional Aceitera contin\u00faa en este mi\u00e9rcoles 7 de agosto con la medida de fuerza que extendieron tanto el <strong>Sindicato de Obreros y Empleados Aceiteros de San Lorenzo<\/strong> como la <strong>Federaci\u00f3n de Trabajadores del Complejo Industrial Oleaginoso<\/strong>, Desmontadores de Algod\u00f3n y Afines de la Rep\u00fablica Argentina.<\/p>\n\n\n\n<p>Las terminales agroexportadoras de todo el pa\u00eds continuaron con sus puertas cerradas y la producci\u00f3n detenida, mientras esperan un llamado a negociaciones por parte de los representantes de la industria.<\/p>\n\n\n\n<p>El panorama en las terminales del Cord\u00f3n Industrial se repite en todas los ingresos: los trabajadores a metros de las porter\u00edas, y adentro de las f\u00e1bricas personal jer\u00e1rquico y de supervisi\u00f3n del proceso productivo indispensable para la seguridad operativa.<\/p>\n\n\n\n<p>Oficialmente, la extensi\u00f3n de la medida que iba a alcanzar \u00fanicamente la jornada de este martes se debe a que no hubo llamado a negociaci\u00f3n desde la parte empresarial.<\/p>\n\n\n\n<figure class=\"wp-block-embed is-type-wp-embed is-provider-noticias-mas wp-block-embed-noticias-mas\"><div class=\"wp-block-embed__wrapper\">\n<blockquote class=\"wp-embedded-content\" data-secret=\"UZuo2TqnqM\"><a href=\"https:\/\/www.noticiasmas.com.ar\/index.php\/2024\/08\/06\/aceiteros-lanzaron-una-huelga-nacional-por-24-horas-nos-quieren-dar-un-aumento-como-si-fueramos-una-municipalidad\/\">Aceiteros lanzaron una huelga nacional por 24 horas: &#8220;nos quieren dar un aumento como si fu\u00e9ramos una municipalidad&#8221;<\/a><\/blockquote><iframe loading=\"lazy\" class=\"wp-embedded-content\" sandbox=\"allow-scripts\" security=\"restricted\" style=\"position: absolute; visibility: hidden;\" title=\"&#8220;Aceiteros lanzaron una huelga nacional por 24 horas: &#8220;nos quieren dar un aumento como si fu\u00e9ramos una municipalidad&#8221;&#8221; &#8212; Noticias Mas\" src=\"https:\/\/www.noticiasmas.com.ar\/index.php\/2024\/08\/06\/aceiteros-lanzaron-una-huelga-nacional-por-24-horas-nos-quieren-dar-un-aumento-como-si-fueramos-una-municipalidad\/embed\/#?secret=I4sy0v7o5D#?secret=UZuo2TqnqM\" data-secret=\"UZuo2TqnqM\" width=\"600\" height=\"338\" frameborder=\"0\" marginwidth=\"0\" marginheight=\"0\" scrolling=\"no\"><\/iframe>\n<\/div><\/figure>\n\n\n\n<p>Desde Buenos Aires, la <strong>C\u00e1mara de la Industria Aceitera de la Rep\u00fablica Argentina<\/strong> emitieron un comunicado donde indicaron que se \u201chizo un gran esfuerzo para pagar un 77% de aumento\u201d, cuando el IPC acumulado es de 79% en lo que va de este 2024, y que el ofrecimiento es de un 17% hasta septiembre, lo que deja un acumulado de 99% de incremento salarial.<\/p>\n\n\n\n<p>Una consecuencia directa de la medida de fuerza es la gran cantidad de congesti\u00f3n de tr\u00e1nsito que se gener\u00f3 producto de los m\u00e1s de 3000 camiones que llegaron a la regi\u00f3n con turno para descargar en las terminales agroexportadoras.<\/p>\n\n\n\n<p>Los mismos se suman a los que en similar n\u00famero llegaron a la regi\u00f3n durante la primera jornada.<\/p>\n\n\n\n<p>\u201cSe est\u00e1 afectando severamente el derecho al trabajo de los miles de transportistas que ven paralizada la actividad\u201d, a\u00f1adieron desde CIARA. \u201cSon muchos sectores del trabajo que se ven afectados por esta medida, que tambi\u00e9n incomoda de una manera innecesaria a los vecinos de todas las comunas y municipios donde est\u00e1n radicadas las plantas\u201d, agregaron.<\/p>\n\n\n\n<p>Por \u00faltimo, se\u00f1alaron solicitar a los \u201csindicalistas a que r\u00e1pidamente se sienten a dialogar para arribar a un acuerdo satisfactorio para ambas partes\u201d.<\/p>\n","protected":false},"excerpt":{"rendered":"<p>La Huelga Nacional Aceitera contin\u00faa en este mi\u00e9rcoles 7 de agosto con la medida de fuerza que extendieron tanto el Sindicato de Obreros y Empleados Aceiteros de San Lorenzo como la Federaci\u00f3n de Trabajadores del Complejo Industrial Oleaginoso, Desmontadores de Algod\u00f3n y Afines de la Rep\u00fablica Argentina. Las terminales agroexportadoras de todo el pa\u00eds continuaron [&hellip;]<\/p>\n","protected":false},"author":9,"featured_media":8350,"comment_status":"closed","ping_status":"open","sticky":false,"template":"","format":"standard","meta":{"tdm_status":"","tdm_grid_status":"","footnotes":""},"categories":[13],"tags":[254,2769,2218],"class_list":{"0":"post-8349","1":"post","2":"type-post","3":"status-publish","4":"format-standard","5":"has-post-thumbnail","7":"category-region","8":"tag-aceiteros","9":"tag-camara-aceitera","10":"tag-paro-nacional"},"_links":{"self":[{"href":"https:\/\/www.noticiasmas.com.ar\/index.php\/wp-json\/wp\/v2\/posts\/8349","targetHints":{"allow":["GET"]}}],"collection":[{"href":"https:\/\/www.noticiasmas.com.ar\/index.php\/wp-json\/wp\/v2\/posts"}],"about":[{"href":"https:\/\/www.noticiasmas.com.ar\/index.php\/wp-json\/wp\/v2\/types\/post"}],"author":[{"embeddable":true,"href":"https:\/\/www.noticiasmas.com.ar\/index.php\/wp-json\/wp\/v2\/users\/9"}],"replies":[{"embeddable":true,"href":"https:\/\/www.noticiasmas.com.ar\/index.php\/wp-json\/wp\/v2\/comments?post=8349"}],"version-history":[{"count":1,"href":"https:\/\/www.noticiasmas.com.ar\/index.php\/wp-json\/wp\/v2\/posts\/8349\/revisions"}],"predecessor-version":[{"id":8351,"href":"https:\/\/www.noticiasmas.com.ar\/index.php\/wp-json\/wp\/v2\/posts\/8349\/revisions\/8351"}],"wp:featuredmedia":[{"embeddable":true,"href":"https:\/\/www.noticiasmas.com.ar\/index.php\/wp-json\/wp\/v2\/media\/8350"}],"wp:attachment":[{"href":"https:\/\/www.noticiasmas.com.ar\/index.php\/wp-json\/wp\/v2\/media?parent=8349"}],"wp:term":[{"taxonomy":"category","embeddable":true,"href":"https:\/\/www.noticiasmas.com.ar\/index.php\/wp-json\/wp\/v2\/categories?post=8349"},{"taxonomy":"post_tag","embeddable":true,"href":"https:\/\/www.noticiasmas.com.ar\/index.php\/wp-json\/wp\/v2\/tags?post=8349"}],"curies":[{"name":"wp","href":"https:\/\/api.w.org\/{rel}","templated":true}]}}