{"id":8352,"date":"2024-08-07T16:52:37","date_gmt":"2024-08-07T19:52:37","guid":{"rendered":"https:\/\/www.noticiasmas.com.ar\/?p=8352"},"modified":"2024-08-07T16:52:38","modified_gmt":"2024-08-07T19:52:38","slug":"el-argentino-agustin-canapino-deja-la-indy-car-de-estados-unidos","status":"publish","type":"post","link":"https:\/\/www.noticiasmas.com.ar\/index.php\/2024\/08\/07\/el-argentino-agustin-canapino-deja-la-indy-car-de-estados-unidos\/","title":{"rendered":"El argentino Agust\u00edn Canapino deja la Indy Car de Estados Unidos"},"content":{"rendered":"\n<p>El piloto argentino <strong>Agust\u00edn Canapino<\/strong> dejar\u00e1 de correr el auto n\u00famero 78 del <strong>Juncos Hollinger Racing <\/strong>en la <strong>Indy Car de los Estados Unidos<\/strong>, luego del anuncio oficial realizado este mi\u00e9rcoles tanto por parte del equipo como de la categor\u00eda.<\/p>\n\n\n\n<p>El arrecife\u00f1o compiti\u00f3 un a\u00f1o y medio en el campeonato de monoplazas m\u00e1s importante del pa\u00eds del norte y uno de los m\u00e1s trascendentales a nivel internacional, pr\u00e1cticamente solo por debajo de la F\u00f3rmula 1.<\/p>\n\n\n\n<p>Tras un 2023 donde finaliz\u00f3 en el 21\u00b0 lugar del campeonato, obteniendo un 12\u00b0 puesto en San Petersburgo, el \u00f3valo de Texas, y Detroit como mejores resultados. Este 2024 no tuvo el mejor de los arranques, y tras las vacaciones de verano, fue oficialmente desvinculado.<\/p>\n\n\n\n<p>El argentino Ricardo Juncos, copropietario del equipo, hab\u00eda apostado por el m\u00faltiple campe\u00f3n de TC y TC 2000 para pilotar el segundo veh\u00edculo del equipo, primero con el ingl\u00e9s ex academia de Ferrari en F\u00f3rmula 2 Calum Illiot y luego con el piloto que corri\u00f3 durante 8 temporadas en la F\u00f3rmula 1, el franc\u00e9s Romain Grosjean.<\/p>\n\n\n\n<p><strong>Canapino volver\u00eda a competir en el Turismo Carretera <\/strong>a partir de la pr\u00f3xima fecha en Buenos Aires, el 18 de agosto, y continuar\u00eda compitiendo en el certamen m\u00e1s popular de la Argentina.<\/p>\n\n\n\n<p>Tambi\u00e9n podr\u00eda ser invitado a correr el pr\u00f3ximo 8 de septiembre en lo que ser\u00e1 la carrera de los 200 pilotos del Turismo Nacional, tambi\u00e9n el G\u00e1lvez.<\/p>\n","protected":false},"excerpt":{"rendered":"<p>El piloto argentino Agust\u00edn Canapino dejar\u00e1 de correr el auto n\u00famero 78 del Juncos Hollinger Racing en la Indy Car de los Estados Unidos, luego del anuncio oficial realizado este mi\u00e9rcoles tanto por parte del equipo como de la categor\u00eda. El arrecife\u00f1o compiti\u00f3 un a\u00f1o y medio en el campeonato de monoplazas m\u00e1s importante del [&hellip;]<\/p>\n","protected":false},"author":9,"featured_media":8353,"comment_status":"closed","ping_status":"open","sticky":false,"template":"","format":"standard","meta":{"tdm_status":"","tdm_grid_status":"","footnotes":""},"categories":[10],"tags":[1309,305,1308],"class_list":{"0":"post-8352","1":"post","2":"type-post","3":"status-publish","4":"format-standard","5":"has-post-thumbnail","7":"category-deportes","8":"tag-agustin-canapino","9":"tag-automovilismo","10":"tag-indycar"},"_links":{"self":[{"href":"https:\/\/www.noticiasmas.com.ar\/index.php\/wp-json\/wp\/v2\/posts\/8352","targetHints":{"allow":["GET"]}}],"collection":[{"href":"https:\/\/www.noticiasmas.com.ar\/index.php\/wp-json\/wp\/v2\/posts"}],"about":[{"href":"https:\/\/www.noticiasmas.com.ar\/index.php\/wp-json\/wp\/v2\/types\/post"}],"author":[{"embeddable":true,"href":"https:\/\/www.noticiasmas.com.ar\/index.php\/wp-json\/wp\/v2\/users\/9"}],"replies":[{"embeddable":true,"href":"https:\/\/www.noticiasmas.com.ar\/index.php\/wp-json\/wp\/v2\/comments?post=8352"}],"version-history":[{"count":1,"href":"https:\/\/www.noticiasmas.com.ar\/index.php\/wp-json\/wp\/v2\/posts\/8352\/revisions"}],"predecessor-version":[{"id":8354,"href":"https:\/\/www.noticiasmas.com.ar\/index.php\/wp-json\/wp\/v2\/posts\/8352\/revisions\/8354"}],"wp:featuredmedia":[{"embeddable":true,"href":"https:\/\/www.noticiasmas.com.ar\/index.php\/wp-json\/wp\/v2\/media\/8353"}],"wp:attachment":[{"href":"https:\/\/www.noticiasmas.com.ar\/index.php\/wp-json\/wp\/v2\/media?parent=8352"}],"wp:term":[{"taxonomy":"category","embeddable":true,"href":"https:\/\/www.noticiasmas.com.ar\/index.php\/wp-json\/wp\/v2\/categories?post=8352"},{"taxonomy":"post_tag","embeddable":true,"href":"https:\/\/www.noticiasmas.com.ar\/index.php\/wp-json\/wp\/v2\/tags?post=8352"}],"curies":[{"name":"wp","href":"https:\/\/api.w.org\/{rel}","templated":true}]}}