{"id":844,"date":"2023-12-04T17:30:44","date_gmt":"2023-12-04T20:30:44","guid":{"rendered":"https:\/\/www.noticiasmas.com.ar\/?p=844"},"modified":"2023-12-04T17:30:46","modified_gmt":"2023-12-04T20:30:46","slug":"el-intendente-de-funes-pidio-al-concejo-que-declare-el-estado-de-emergencia-economica-en-su-ciudad","status":"publish","type":"post","link":"https:\/\/www.noticiasmas.com.ar\/index.php\/2023\/12\/04\/el-intendente-de-funes-pidio-al-concejo-que-declare-el-estado-de-emergencia-economica-en-su-ciudad\/","title":{"rendered":"El intendente de Funes pidi\u00f3 al Concejo que declare el estado de emergencia econ\u00f3mica en su ciudad"},"content":{"rendered":"\n<p> <p class=\"MsoNormal\" style=\"text-align:justify\"><span lang=\"ES\">Ante las pol\u00edticas de ajuste y recortes de subsidios y transferencias en concepto de obras p\u00fablicas anticipadas por el presidente electo, el intendente de Funes, Roly Santacroce, pidi\u00f3 al Concejo declarar en estado de emergencia econ\u00f3mica y financiera a su municipalidad.<\/span><\/p><p class=\"MsoNormal\" style=\"text-align:justify\"><span lang=\"ES\">En el pedido, argumenta que \u201cla crisis econ\u00f3mica financiera que atraviesa el pa\u00eds, la macro y micro econom\u00eda impactan fuertemente en la recaudaci\u00f3n, lo que se traduce en el corto plazo en un desfinanciamiento de las arcas municipales y con ello en la correcta prestaci\u00f3n de los servicios, en el cumplimiento de las obligaciones asumidas, la capacidad de abonar los salarios de sus agentes en t\u00e9rmino y cumplir con las obligaciones hacia terceros\u201d.<\/span><\/p><p class=\"MsoNormal\" style=\"text-align:justify\"><span lang=\"ES\">A esto se le suma que \u201cel an\u00e1lisis de los ingresos demuestra una tendencia abrupta a la baja, lo que conforma un escenario ampliamente cr\u00edtico\u201d. Es por eso que \u201cante la realidad econ\u00f3mico-financiera que viene atravesando el pa\u00eds el Municipio de Funes entiende que deben adoptarse medidas conducentes a mitigar ese impacto\u201d.<\/span><\/p><p class=\"MsoNormal\" style=\"text-align:justify\"><span lang=\"ES\">Dicho estado de emergencia tendr\u00eda vigencia desde la promulgaci\u00f3n de la ordenanza, hasta el 31 de diciembre de 2024, con la opci\u00f3n de que el Departamento Ejecutivo Municipal pueda darlo por concluido antes de esta fecha si considera superados los hechos que provocan el estado de emergencia.<\/span><\/p><p class=\"MsoNormal\" style=\"text-align:justify\"><\/p><p class=\"MsoNormal\" style=\"text-align:justify\"><span lang=\"ES\">Medidas a tomar<\/span><\/p><p class=\"MsoNormal\" style=\"text-align:justify\"><span lang=\"ES\">Ante la declaraci\u00f3n de emergencia econ\u00f3mica y financiera, el municipio quedar\u00e1 posibilitado de: <\/span><\/p><p class=\"MsoNormal\" style=\"text-align:justify\"><span lang=\"ES\">&#8211; Asegurar la prestaci\u00f3n de los servicios p\u00fablicos y funciones esenciales del Estado Municipal. <\/span><\/p><p class=\"MsoNormal\" style=\"text-align:justify\"><span lang=\"ES\">&#8211; Disponer la renegociaci\u00f3n, suspensi\u00f3n, modificaci\u00f3n o rescisi\u00f3n de la totalidad de contratos, convenios y\/o acuerdos vigentes a la fecha. <\/span><\/p><p class=\"MsoNormal\" style=\"text-align:justify\"><span lang=\"ES\">&#8211; El congelamiento del ingreso de nuevos agentes en condici\u00f3n de Contratados por todo el periodo de vigencia de la presente, salvo casos excepcionales debidamente fundados.<\/span><\/p><p class=\"MsoNormal\" style=\"text-align:justify\"><span lang=\"ES\">&#8211; Focalizar la inversi\u00f3n de los recursos en las acciones que sean necesarias para atender la Emergencia Econ\u00f3mica Financiera. <\/span><\/p><p class=\"MsoNormal\" style=\"text-align:justify\"><span lang=\"ES\">&#8211; Mejorar el flujo de aportes al Municipio, por parte de los contribuyentes. <\/span><\/p><p class=\"MsoNormal\" style=\"text-align:justify\"><span lang=\"ES\">&#8211; Fortalecer las pol\u00edticas sociales para asegurar la contenci\u00f3n de los sectores m\u00e1s vulnerables de la sociedad.<\/span><\/p><p class=\"MsoNormal\" style=\"text-align:justify\"><span lang=\"ES\">&#8211; Adoptar las acciones tendientes a la pronta recuperaci\u00f3n y solvencia en la administraci\u00f3n de los recursos municipales, generando niveles crecientes de eficacia en la gesti\u00f3n, con el objetivo de superar las causas que motivan la declaraci\u00f3n de emergencia municipal.<\/span><span style=\"color: initial;\"> <\/span><\/p><p class=\"MsoNormal\" style=\"text-align:justify\"><span lang=\"ES\">Propuestas para salir a flote<\/span><\/p><p class=\"MsoNormal\" style=\"text-align:justify\"><span lang=\"ES\">Mientras tanto, el municipio sugiere, a modo de salidas alternativa que puedan ayudar a la econom\u00eda de la ciudad:<\/span><span style=\"color: initial;\"> <\/span><\/p><p class=\"MsoNormal\" style=\"text-align:justify\"><span lang=\"ES\">&#8211; Fomentar en todos los \u00e1mbitos del Gobierno Municipal la elaboraci\u00f3n de proyectos de innovaci\u00f3n y el establecimiento de acciones participativas y colaborativas, junto con Organizaciones y Entidades de la Sociedad Civil, que posibiliten reducir costos y gastos p\u00fablicos, como la generaci\u00f3n de mayores ingresos y mejoras en la asignaci\u00f3n de los recursos municipales.<\/span><\/p><p class=\"MsoNormal\" style=\"text-align:justify\"><span lang=\"ES\">&#8211; Disponer medidas de racionalizaci\u00f3n del gasto p\u00fablico, que permita el redireccionamiento de los recursos municipales a los gastos prioritarios y necesarios para superar la situaci\u00f3n que provoca la declaraci\u00f3n de emergencia. <\/span><\/p><p class=\"MsoNormal\" style=\"text-align:justify\"><span lang=\"ES\">&#8211; Revisar y mejorar los sistemas de contrataci\u00f3n y adquisiciones para favorecer una mayor eficiencia en los procesos. <\/span><\/p><p class=\"MsoNormal\" style=\"text-align:justify\"><span lang=\"ES\">&#8211; Implementar iniciativas, procedimientos y acciones que posibiliten mejorar los sistemas de recaudaci\u00f3n y las normas que lo regulan.<\/span><span style=\"color: initial;\"> <\/span><\/p><p class=\"MsoNormal\" style=\"text-align:justify\"><span lang=\"ES\">Asimismo, se pide autorizaci\u00f3n al Concejo Municipal, mientras dure esta declaraci\u00f3n de emergencia, de:<\/span><\/p><p class=\"MsoNormal\" style=\"text-align:justify\"><span lang=\"ES\">&#8211; Fijar, incrementar, modificar y crear tasas, derechos y contribuciones. <\/span><\/p><p class=\"MsoNormal\" style=\"text-align:justify\"><span lang=\"ES\">&#8211; Adquirir bajo modalidad de compra directa de: rodados, maquinarias, bienes de consumo y\/o herramientas usadas en buen estado. <\/span><\/p><p class=\"MsoNormal\" style=\"text-align:justify\"><span lang=\"ES\">&#8211; Renovar o ampliar en forma directa los plazos de contratos que venzan dentro del per\u00edodo de vigencia de la presente ordenanza siempre que esto implique un beneficio econ\u00f3mico-financiero para el Municipio.<\/span><\/p><p class=\"MsoNormal\" style=\"text-align:justify\"><span lang=\"ES\">&#8211; Adecuar las partidas presupuestarias de ingresos y egresos que resulten necesarias para llevar adelante el presente plan de emergencia.<\/span><\/p> <\/p>\n","protected":false},"excerpt":{"rendered":"<p>Ante las pol\u00edticas de ajuste y recortes de subsidios y transferencias en concepto de obras p\u00fablicas anticipadas por el presidente electo, el intendente de Funes, Roly Santacroce, pidi\u00f3 al Concejo declarar en estado de emergencia econ\u00f3mica y financiera a su municipalidad. En el pedido, argumenta que \u201cla crisis econ\u00f3mica financiera que atraviesa el pa\u00eds, la [&hellip;]<\/p>\n","protected":false},"author":8,"featured_media":845,"comment_status":"closed","ping_status":"open","sticky":false,"template":"","format":"standard","meta":{"tdm_status":"","tdm_grid_status":"","footnotes":""},"categories":[13],"tags":[242,241,240,238,66,239],"class_list":{"0":"post-844","1":"post","2":"type-post","3":"status-publish","4":"format-standard","5":"has-post-thumbnail","7":"category-region","8":"tag-concejo","9":"tag-economica","10":"tag-emergencia","11":"tag-funes","12":"tag-intendente","13":"tag-roly-santacroce"},"_links":{"self":[{"href":"https:\/\/www.noticiasmas.com.ar\/index.php\/wp-json\/wp\/v2\/posts\/844","targetHints":{"allow":["GET"]}}],"collection":[{"href":"https:\/\/www.noticiasmas.com.ar\/index.php\/wp-json\/wp\/v2\/posts"}],"about":[{"href":"https:\/\/www.noticiasmas.com.ar\/index.php\/wp-json\/wp\/v2\/types\/post"}],"author":[{"embeddable":true,"href":"https:\/\/www.noticiasmas.com.ar\/index.php\/wp-json\/wp\/v2\/users\/8"}],"replies":[{"embeddable":true,"href":"https:\/\/www.noticiasmas.com.ar\/index.php\/wp-json\/wp\/v2\/comments?post=844"}],"version-history":[{"count":1,"href":"https:\/\/www.noticiasmas.com.ar\/index.php\/wp-json\/wp\/v2\/posts\/844\/revisions"}],"predecessor-version":[{"id":846,"href":"https:\/\/www.noticiasmas.com.ar\/index.php\/wp-json\/wp\/v2\/posts\/844\/revisions\/846"}],"wp:featuredmedia":[{"embeddable":true,"href":"https:\/\/www.noticiasmas.com.ar\/index.php\/wp-json\/wp\/v2\/media\/845"}],"wp:attachment":[{"href":"https:\/\/www.noticiasmas.com.ar\/index.php\/wp-json\/wp\/v2\/media?parent=844"}],"wp:term":[{"taxonomy":"category","embeddable":true,"href":"https:\/\/www.noticiasmas.com.ar\/index.php\/wp-json\/wp\/v2\/categories?post=844"},{"taxonomy":"post_tag","embeddable":true,"href":"https:\/\/www.noticiasmas.com.ar\/index.php\/wp-json\/wp\/v2\/tags?post=844"}],"curies":[{"name":"wp","href":"https:\/\/api.w.org\/{rel}","templated":true}]}}