{"id":8465,"date":"2024-08-12T19:43:32","date_gmt":"2024-08-12T22:43:32","guid":{"rendered":"https:\/\/www.noticiasmas.com.ar\/?p=8465"},"modified":"2024-08-12T19:43:34","modified_gmt":"2024-08-12T22:43:34","slug":"la-fiesta-del-deporte-en-puerto-reunio-casi-2000-corredores-de-la-region-y-todo-el-pais-y-entrego-2-millones-en-premios-para-los-ganadores","status":"publish","type":"post","link":"https:\/\/www.noticiasmas.com.ar\/index.php\/2024\/08\/12\/la-fiesta-del-deporte-en-puerto-reunio-casi-2000-corredores-de-la-region-y-todo-el-pais-y-entrego-2-millones-en-premios-para-los-ganadores\/","title":{"rendered":"LA FIESTA DEL DEPORTE EN PUERTO REUNI\u00d3 CASI 2000 CORREDORES DE LA REGI\u00d3N Y TODO EL PA\u00cdS Y ENTREG\u00d3 2 MILLONES EN PREMIOS PARA LOS GANADORES"},"content":{"rendered":"\n<p>La marat\u00f3n Batalla Punta Quebracho fue un \u00e9xito y convoc\u00f3 una verdadera \u201cmarea roja\u201d de competidores aficionados y de \u00e9lite.<\/p>\n\n\n\n<p>Con casi 2000 participantes, entre deportistas de \u00e9lite y aficionados de la de ciudad, y de todo el pa\u00eds, Puerto General San Mart\u00edn vivi\u00f3 una verdadera \u201cmarea roja\u201d de atletas en la 11\u201d edici\u00f3n de la tradicional Marat\u00f3n Batalla Punta Quebracho \u201c\u00a1La Gloria!\u201d, realizada ayer por la ma\u00f1ana por un circuito en las calles de la ciudad, y que entreg\u00f3 2 millones de pesos en premios para los primeros cinco primeros puestos en categor\u00eda de 10 kil\u00f3metros, tanto femenina y masculina.<\/p>\n\n\n\n<p>Esta marat\u00f3n, cuyo epicentro de largada y llegada fue el Centro Cultural Municipal, se consolida como experiencia deportiva y social con caracter\u00edsticas \u00fanicas en la provincia, la m\u00e1s convocante de la regi\u00f3n, que atrajo este a\u00f1o nuevos competidores de distintas provincias, con la organizaci\u00f3n de la Municipalidad de Puerto General San Mart\u00edn, la supervisi\u00f3n de la Asociaci\u00f3n Rosarina de Atletismo (ARDA) y Ecorace.<\/p>\n\n\n\n<figure class=\"wp-block-image size-large\"><img loading=\"lazy\" decoding=\"async\" width=\"1024\" height=\"683\" src=\"https:\/\/www.noticiasmas.com.ar\/wp-content\/uploads\/2024\/08\/Maraton-Premiacion-1-1024x683.jpg\" alt=\"\" class=\"wp-image-8466\" srcset=\"https:\/\/www.noticiasmas.com.ar\/wp-content\/uploads\/2024\/08\/Maraton-Premiacion-1-1024x683.jpg 1024w, https:\/\/www.noticiasmas.com.ar\/wp-content\/uploads\/2024\/08\/Maraton-Premiacion-1-300x200.jpg 300w, https:\/\/www.noticiasmas.com.ar\/wp-content\/uploads\/2024\/08\/Maraton-Premiacion-1-768x512.jpg 768w, https:\/\/www.noticiasmas.com.ar\/wp-content\/uploads\/2024\/08\/Maraton-Premiacion-1-150x100.jpg 150w, https:\/\/www.noticiasmas.com.ar\/wp-content\/uploads\/2024\/08\/Maraton-Premiacion-1-696x464.jpg 696w, https:\/\/www.noticiasmas.com.ar\/wp-content\/uploads\/2024\/08\/Maraton-Premiacion-1-1068x712.jpg 1068w, https:\/\/www.noticiasmas.com.ar\/wp-content\/uploads\/2024\/08\/Maraton-Premiacion-1.jpg 1200w\" sizes=\"auto, (max-width: 1024px) 100vw, 1024px\" \/><\/figure>\n\n\n\n<p>Es la \u00fanica competencia que est\u00e1 ligada a un hecho hist\u00f3rico muy importante en la lucha de la soberan\u00eda de nuestro pa\u00eds, como la batalla de Punta Quebracho. Bautizada como la Marea Roja, por haber elegido utilizar indumentaria deportiva de ese color para esta edici\u00f3n en homenaje al uniforme del Regimiento de Infanter\u00eda que comand\u00f3 Lucio Mansilla en la gesta hist\u00f3rica nacional en suelo puertense donde se grit\u00f3 por primera vez la verdadera soberan\u00eda nacional.<\/p>\n\n\n\n<p>En 10 km masculino el primer puesto fue para Juan Ignacio Dutari, segundo Alexis Corrias, tercero Carlos Johnson, cuarto Salvador Gorosito, y quinto Maximiliano Far\u00edas. En 5 Km masculino el ganador fue el puertense Joaqu\u00edn Cap\u00f3.&nbsp;<\/p>\n\n\n\n<figure class=\"wp-block-image size-large\"><img loading=\"lazy\" decoding=\"async\" width=\"1024\" height=\"683\" src=\"https:\/\/www.noticiasmas.com.ar\/wp-content\/uploads\/2024\/08\/Maraton-premiacion-3-mujeres-1024x683.jpg\" alt=\"\" class=\"wp-image-8467\" srcset=\"https:\/\/www.noticiasmas.com.ar\/wp-content\/uploads\/2024\/08\/Maraton-premiacion-3-mujeres-1024x683.jpg 1024w, https:\/\/www.noticiasmas.com.ar\/wp-content\/uploads\/2024\/08\/Maraton-premiacion-3-mujeres-300x200.jpg 300w, https:\/\/www.noticiasmas.com.ar\/wp-content\/uploads\/2024\/08\/Maraton-premiacion-3-mujeres-768x512.jpg 768w, https:\/\/www.noticiasmas.com.ar\/wp-content\/uploads\/2024\/08\/Maraton-premiacion-3-mujeres-150x100.jpg 150w, https:\/\/www.noticiasmas.com.ar\/wp-content\/uploads\/2024\/08\/Maraton-premiacion-3-mujeres-696x464.jpg 696w, https:\/\/www.noticiasmas.com.ar\/wp-content\/uploads\/2024\/08\/Maraton-premiacion-3-mujeres-1068x712.jpg 1068w, https:\/\/www.noticiasmas.com.ar\/wp-content\/uploads\/2024\/08\/Maraton-premiacion-3-mujeres.jpg 1200w\" sizes=\"auto, (max-width: 1024px) 100vw, 1024px\" \/><\/figure>\n\n\n\n<p>En tanto, en 10 Km mujeres el primer puesto fue para Silvana Marchisio, y en 5 Km Marina Orona, quienes fueron recibidos a su llegada, como a todos, con medallas, productos de hidrataci\u00f3n, y muchos aplausos.&nbsp; En 2,5 Km, recibieron premios est\u00edmulos los primeros cinco, Joaqu\u00edn Morales, Julieta Cristolfo, Tom\u00e1s Erd\u00e1, Ariana Salzedo e Ismael Romero.<\/p>\n\n\n\n<p>Adem\u00e1s, se entregaron premios en efectivo a los puertenses participantes, en cinco mejores performance mujeres a Mariela Almada, D\u00e9bora R\u00edos, Magal\u00ed Landriel, Nicola Almacini y Violeta Billato, y en cinco mejores varones a Cesar Luis Bruzzoni, Tom\u00e1s Calarota, Maximiliano Vega, Andr\u00e9s Tomada y Lautaro Bruzzoni.<\/p>\n\n\n\n<figure class=\"wp-block-image size-large\"><img loading=\"lazy\" decoding=\"async\" width=\"1024\" height=\"683\" src=\"https:\/\/www.noticiasmas.com.ar\/wp-content\/uploads\/2024\/08\/Maraton-premiacion-2-1024x683.jpg\" alt=\"\" class=\"wp-image-8468\" srcset=\"https:\/\/www.noticiasmas.com.ar\/wp-content\/uploads\/2024\/08\/Maraton-premiacion-2-1024x683.jpg 1024w, https:\/\/www.noticiasmas.com.ar\/wp-content\/uploads\/2024\/08\/Maraton-premiacion-2-300x200.jpg 300w, https:\/\/www.noticiasmas.com.ar\/wp-content\/uploads\/2024\/08\/Maraton-premiacion-2-768x512.jpg 768w, https:\/\/www.noticiasmas.com.ar\/wp-content\/uploads\/2024\/08\/Maraton-premiacion-2-150x100.jpg 150w, https:\/\/www.noticiasmas.com.ar\/wp-content\/uploads\/2024\/08\/Maraton-premiacion-2-696x464.jpg 696w, https:\/\/www.noticiasmas.com.ar\/wp-content\/uploads\/2024\/08\/Maraton-premiacion-2-1068x712.jpg 1068w, https:\/\/www.noticiasmas.com.ar\/wp-content\/uploads\/2024\/08\/Maraton-premiacion-2.jpg 1200w\" sizes=\"auto, (max-width: 1024px) 100vw, 1024px\" \/><\/figure>\n\n\n\n<p>Los premios econ\u00f3micos fueron 500 mil pesos al primer puesto ganador de la categor\u00eda de 10 Km, 300 mil al segundo, 200 mil al tercero, 100 mil al cuarto y 75 mil al quinto, tanto para hombres como para mujeres, se entregaron premios especiales sorpresa para ciudadanos de puerto y trofeos para todas las categor\u00edas.<\/p>\n\n\n\n<p>El Intendente Municipal, Carlos De Grandis, dio la bienvenida previa a la emocionante largada pasadas las 9 de la ma\u00f1ana relatando la cuenta regresiva: \u201cGracias a los competidores. Queremos que se lleven lo que es la batalla de Punta Quebracho. Agradecerles que hayan venido a nuestra ciudad. Hoy, alguien sabe m\u00e1s de lo que es Punta Quebracho\u201d. Se sumaron a la competencia el presidente del Concejo Municipal, Juan Manuel De Grandis, los concejales Sonia Grassano, Maximiliano De Grandis, y Joana Passoni, y el propio Intendente que lo hizo como siempre junto a los chicos del Grupo Despertar. \u201cEs un evento inolvidable que une cada vez m\u00e1s a las familias puertenses\u201d, afirm\u00f3 Juan Manuel De Grandis.<\/p>\n\n\n\n<figure class=\"wp-block-image size-large\"><img loading=\"lazy\" decoding=\"async\" width=\"1024\" height=\"683\" src=\"https:\/\/www.noticiasmas.com.ar\/wp-content\/uploads\/2024\/08\/Maraton-premiacion-4-1024x683.jpg\" alt=\"\" class=\"wp-image-8470\" srcset=\"https:\/\/www.noticiasmas.com.ar\/wp-content\/uploads\/2024\/08\/Maraton-premiacion-4-1024x683.jpg 1024w, https:\/\/www.noticiasmas.com.ar\/wp-content\/uploads\/2024\/08\/Maraton-premiacion-4-300x200.jpg 300w, https:\/\/www.noticiasmas.com.ar\/wp-content\/uploads\/2024\/08\/Maraton-premiacion-4-768x512.jpg 768w, https:\/\/www.noticiasmas.com.ar\/wp-content\/uploads\/2024\/08\/Maraton-premiacion-4-150x100.jpg 150w, https:\/\/www.noticiasmas.com.ar\/wp-content\/uploads\/2024\/08\/Maraton-premiacion-4-696x464.jpg 696w, https:\/\/www.noticiasmas.com.ar\/wp-content\/uploads\/2024\/08\/Maraton-premiacion-4-1068x712.jpg 1068w, https:\/\/www.noticiasmas.com.ar\/wp-content\/uploads\/2024\/08\/Maraton-premiacion-4.jpg 1200w\" sizes=\"auto, (max-width: 1024px) 100vw, 1024px\" \/><\/figure>\n\n\n\n<p>Hubo distancias de 10Km, 5Km, 2.5 Km, Running Kids para la diversi\u00f3n de los m\u00e1s chicos, y todos recibieron su kit deportivo, la tradicional remera y la medalla finisher. El circuito urbano dise\u00f1ado fue disfrutado por vecinos que debutaron en el running, otros que lo hicieron en familia, en pareja, solos, o en grupos deportivos, sin importar la edad, ni la condici\u00f3n, como Wilfredo, un competidor de 93 a\u00f1os, y que adem\u00e1s cont\u00f3 con la participaci\u00f3n de grupos de atletismo y maratonistas de \u00e9lite como Osvaldo Castellani, Agostina y Francesca Caligaris, Mart\u00edn Piovano, Joaqu\u00edn Cap\u00f3, Juan Ignacio Dutari, Mario Medina, Daniel Silva, Mariana Segovia, y Marina Jim\u00e9nez, entre otros.<\/p>\n\n\n\n<p>Este a\u00f1o, el circuito recorri\u00f3 el casco c\u00e9ntrico de la ciudad, las zonas oeste y norte, y se incorpor\u00f3 que la marat\u00f3n pasara por dentro del Megaestadio \u201c4 de junio\u201d donde un DJ acompa\u00f1\u00f3 con toda onda ese momento especial de la carrera, como as\u00ed tambi\u00e9n poder exhibir el Polideportivo y todo el potencial de inversi\u00f3n en infraestructura de estos a\u00f1os.&nbsp;<\/p>\n\n\n\n<figure class=\"wp-block-image size-large\"><img loading=\"lazy\" decoding=\"async\" width=\"1024\" height=\"683\" src=\"https:\/\/www.noticiasmas.com.ar\/wp-content\/uploads\/2024\/08\/Maraton-masculino-1024x683.jpg\" alt=\"\" class=\"wp-image-8471\" srcset=\"https:\/\/www.noticiasmas.com.ar\/wp-content\/uploads\/2024\/08\/Maraton-masculino-1024x683.jpg 1024w, https:\/\/www.noticiasmas.com.ar\/wp-content\/uploads\/2024\/08\/Maraton-masculino-300x200.jpg 300w, https:\/\/www.noticiasmas.com.ar\/wp-content\/uploads\/2024\/08\/Maraton-masculino-768x512.jpg 768w, https:\/\/www.noticiasmas.com.ar\/wp-content\/uploads\/2024\/08\/Maraton-masculino-150x100.jpg 150w, https:\/\/www.noticiasmas.com.ar\/wp-content\/uploads\/2024\/08\/Maraton-masculino-696x464.jpg 696w, https:\/\/www.noticiasmas.com.ar\/wp-content\/uploads\/2024\/08\/Maraton-masculino-1068x712.jpg 1068w, https:\/\/www.noticiasmas.com.ar\/wp-content\/uploads\/2024\/08\/Maraton-masculino.jpg 1200w\" sizes=\"auto, (max-width: 1024px) 100vw, 1024px\" \/><\/figure>\n\n\n\n<p>Desde temprano, mientras se completaba las \u00faltimas entregas de kits y previo a la largada, la marea roja hizo aumentar las expectativas y la energ\u00eda, todos bailando y pre calentando con la animaci\u00f3n en la Plaza Seca del locutor Roque Cavallero. La entrada en calor se vivi\u00f3 como tradicionalmente ocurre con muchos ritmos de m\u00fasica y ejercicios aer\u00f3bicos, apuntalados por la profesora Hilda Mansilla, contagiando la buena onda y el entusiasmo a todos los presentes.<\/p>\n\n\n\n<p>La organizaci\u00f3n fue impecable, muchas personas, m\u00e1s de 150 que tambi\u00e9n recibieron medallas, que han trabajado durante dos meses para el \u00e9xito de esta edici\u00f3n, y con mucho esfuerzo y camarader\u00eda para atender a los deportistas, ofreciendo lo mejor que tiene Puerto para hacerlos sentir como en su casa.&nbsp; Gran tarea de los secretarios de Educaci\u00f3n, Cultura y Deportes, Sebasti\u00e1n Lezcano, de Gobierno, Vanina Matassa, y de Desarrollo Social, Fernando Torrens.<\/p>\n\n\n\n<figure class=\"wp-block-image size-large\"><img loading=\"lazy\" decoding=\"async\" width=\"1024\" height=\"683\" src=\"https:\/\/www.noticiasmas.com.ar\/wp-content\/uploads\/2024\/08\/Maraton-triatleta-1024x683.jpg\" alt=\"\" class=\"wp-image-8475\" srcset=\"https:\/\/www.noticiasmas.com.ar\/wp-content\/uploads\/2024\/08\/Maraton-triatleta-1024x683.jpg 1024w, https:\/\/www.noticiasmas.com.ar\/wp-content\/uploads\/2024\/08\/Maraton-triatleta-300x200.jpg 300w, https:\/\/www.noticiasmas.com.ar\/wp-content\/uploads\/2024\/08\/Maraton-triatleta-768x512.jpg 768w, https:\/\/www.noticiasmas.com.ar\/wp-content\/uploads\/2024\/08\/Maraton-triatleta-150x100.jpg 150w, https:\/\/www.noticiasmas.com.ar\/wp-content\/uploads\/2024\/08\/Maraton-triatleta-696x464.jpg 696w, https:\/\/www.noticiasmas.com.ar\/wp-content\/uploads\/2024\/08\/Maraton-triatleta-1068x712.jpg 1068w, https:\/\/www.noticiasmas.com.ar\/wp-content\/uploads\/2024\/08\/Maraton-triatleta.jpg 1200w\" sizes=\"auto, (max-width: 1024px) 100vw, 1024px\" \/><\/figure>\n\n\n\n<p>Coordinadas desde la Secretar\u00eda de Educaci\u00f3n, Cultura y Deportes y la Direcci\u00f3n de Deportes, se destac\u00f3 la tarea del Secretario de Educaci\u00f3n, Cultura y Deportes, Sebasti\u00e1n Lezcano, de Gustavo Rojas, Jonathan Brest, Lautaro Bruzzoni, Magal\u00ed Landriel, Joaqu\u00edn Cap\u00f3, Andr\u00e9s Tomada, el profesor David Perazzo, como el&nbsp; esfuerzo colectivo de cada \u00e1rea municipal, como del CPC, las secretar\u00edas de Salud que aport\u00f3 las ambulancias y Gobierno, el apoyo de la Polic\u00eda provincial, personal de Tr\u00e1nsito, instituciones, asociaciones y personalidades p\u00fablicas como el senador Armando Traferri, quien aport\u00f3 elementos de hidrataci\u00f3n, la diputada nacional Florencia Carignano, y el periodista Oscar Bertone corriendo, que se sumaron para el \u00e9xito de la marat\u00f3n.<\/p>\n\n\n\n<p>Fue una fiesta de toda la ciudad. Los vecinos colaboraron antes con la mayor predisposici\u00f3n para los detalles organizativos, y durante la carrera, saliendo a sus veredas para alentar el paso de los maratonistas, con aplausos y gritos de aliento durante todo el circuito.<\/p>\n\n\n\n<figure class=\"wp-block-image size-large\"><img loading=\"lazy\" decoding=\"async\" width=\"1024\" height=\"683\" src=\"https:\/\/www.noticiasmas.com.ar\/wp-content\/uploads\/2024\/08\/Maraton-Carlitos-1024x683.jpg\" alt=\"\" class=\"wp-image-8472\" srcset=\"https:\/\/www.noticiasmas.com.ar\/wp-content\/uploads\/2024\/08\/Maraton-Carlitos-1024x683.jpg 1024w, https:\/\/www.noticiasmas.com.ar\/wp-content\/uploads\/2024\/08\/Maraton-Carlitos-300x200.jpg 300w, https:\/\/www.noticiasmas.com.ar\/wp-content\/uploads\/2024\/08\/Maraton-Carlitos-768x512.jpg 768w, https:\/\/www.noticiasmas.com.ar\/wp-content\/uploads\/2024\/08\/Maraton-Carlitos-150x100.jpg 150w, https:\/\/www.noticiasmas.com.ar\/wp-content\/uploads\/2024\/08\/Maraton-Carlitos-696x464.jpg 696w, https:\/\/www.noticiasmas.com.ar\/wp-content\/uploads\/2024\/08\/Maraton-Carlitos-1068x712.jpg 1068w, https:\/\/www.noticiasmas.com.ar\/wp-content\/uploads\/2024\/08\/Maraton-Carlitos.jpg 1200w\" sizes=\"auto, (max-width: 1024px) 100vw, 1024px\" \/><\/figure>\n\n\n\n<p>\u201cEstamos felices, porque se batieron todos los r\u00e9cords. Superamos las 2 mil personas corriendo. Cada uno se llev\u00f3 una medalla, y el esfuerzo que hicimos est\u00e1 pagado con creces cuando m\u00e1s personas saben hoy sobre la Batalla de Punta Quebracho\u201d, se\u00f1al\u00f3 el Intendente, que recibi\u00f3 hasta la \u00faltima competidora en llegar a la meta, Raquel Villalba.<\/p>\n\n\n\n<p>Luego de la ceremonia de premiaci\u00f3n para todas las categor\u00edas, se vivi\u00f3 un cierre de la hist\u00f3rica jornada a puro baile y m\u00fasica en la Plaza Seca con la banda de Sofi Gazzaniga. Cada uno de los participantes destac\u00f3 el esfuerzo y la voluntad de esta ciudad para ratificar una vez m\u00e1s el enorme compromiso por consolidar las pol\u00edticas deportivas municipales con un evento familiar y de disciplina deportiva.<\/p>\n\n\n\n<figure class=\"wp-block-image size-large\"><img loading=\"lazy\" decoding=\"async\" width=\"1024\" height=\"683\" src=\"https:\/\/www.noticiasmas.com.ar\/wp-content\/uploads\/2024\/08\/Maraton-Conjunto-1024x683.jpg\" alt=\"\" class=\"wp-image-8473\" srcset=\"https:\/\/www.noticiasmas.com.ar\/wp-content\/uploads\/2024\/08\/Maraton-Conjunto-1024x683.jpg 1024w, https:\/\/www.noticiasmas.com.ar\/wp-content\/uploads\/2024\/08\/Maraton-Conjunto-300x200.jpg 300w, https:\/\/www.noticiasmas.com.ar\/wp-content\/uploads\/2024\/08\/Maraton-Conjunto-768x512.jpg 768w, https:\/\/www.noticiasmas.com.ar\/wp-content\/uploads\/2024\/08\/Maraton-Conjunto-150x100.jpg 150w, https:\/\/www.noticiasmas.com.ar\/wp-content\/uploads\/2024\/08\/Maraton-Conjunto-696x464.jpg 696w, https:\/\/www.noticiasmas.com.ar\/wp-content\/uploads\/2024\/08\/Maraton-Conjunto-1068x712.jpg 1068w, https:\/\/www.noticiasmas.com.ar\/wp-content\/uploads\/2024\/08\/Maraton-Conjunto.jpg 1200w\" sizes=\"auto, (max-width: 1024px) 100vw, 1024px\" \/><\/figure>\n\n\n\n<p><\/p>\n","protected":false},"excerpt":{"rendered":"<p>La marat\u00f3n Batalla Punta Quebracho fue un \u00e9xito y convoc\u00f3 una verdadera \u201cmarea roja\u201d de competidores aficionados y de \u00e9lite. Con casi 2000 participantes, entre deportistas de \u00e9lite y aficionados de la de ciudad, y de todo el pa\u00eds, Puerto General San Mart\u00edn vivi\u00f3 una verdadera \u201cmarea roja\u201d de atletas en la 11\u201d edici\u00f3n de [&hellip;]<\/p>\n","protected":false},"author":5,"featured_media":8474,"comment_status":"closed","ping_status":"open","sticky":false,"template":"","format":"standard","meta":{"tdm_status":"","tdm_grid_status":"","footnotes":""},"categories":[10],"tags":[2758,2802,2266],"class_list":{"0":"post-8465","1":"post","2":"type-post","3":"status-publish","4":"format-standard","5":"has-post-thumbnail","7":"category-deportes","8":"tag-maraton-batalla-punta-quebracho","9":"tag-marea-roja","10":"tag-puerto-general-san-martin-2"},"_links":{"self":[{"href":"https:\/\/www.noticiasmas.com.ar\/index.php\/wp-json\/wp\/v2\/posts\/8465","targetHints":{"allow":["GET"]}}],"collection":[{"href":"https:\/\/www.noticiasmas.com.ar\/index.php\/wp-json\/wp\/v2\/posts"}],"about":[{"href":"https:\/\/www.noticiasmas.com.ar\/index.php\/wp-json\/wp\/v2\/types\/post"}],"author":[{"embeddable":true,"href":"https:\/\/www.noticiasmas.com.ar\/index.php\/wp-json\/wp\/v2\/users\/5"}],"replies":[{"embeddable":true,"href":"https:\/\/www.noticiasmas.com.ar\/index.php\/wp-json\/wp\/v2\/comments?post=8465"}],"version-history":[{"count":1,"href":"https:\/\/www.noticiasmas.com.ar\/index.php\/wp-json\/wp\/v2\/posts\/8465\/revisions"}],"predecessor-version":[{"id":8476,"href":"https:\/\/www.noticiasmas.com.ar\/index.php\/wp-json\/wp\/v2\/posts\/8465\/revisions\/8476"}],"wp:featuredmedia":[{"embeddable":true,"href":"https:\/\/www.noticiasmas.com.ar\/index.php\/wp-json\/wp\/v2\/media\/8474"}],"wp:attachment":[{"href":"https:\/\/www.noticiasmas.com.ar\/index.php\/wp-json\/wp\/v2\/media?parent=8465"}],"wp:term":[{"taxonomy":"category","embeddable":true,"href":"https:\/\/www.noticiasmas.com.ar\/index.php\/wp-json\/wp\/v2\/categories?post=8465"},{"taxonomy":"post_tag","embeddable":true,"href":"https:\/\/www.noticiasmas.com.ar\/index.php\/wp-json\/wp\/v2\/tags?post=8465"}],"curies":[{"name":"wp","href":"https:\/\/api.w.org\/{rel}","templated":true}]}}