{"id":8489,"date":"2024-08-12T20:21:37","date_gmt":"2024-08-12T23:21:37","guid":{"rendered":"https:\/\/www.noticiasmas.com.ar\/?p=8489"},"modified":"2024-08-12T20:21:39","modified_gmt":"2024-08-12T23:21:39","slug":"piden-informe-al-gobierno-de-la-provincia-sobre-cuantas-infracciones-se-realizaron-estos-ultimos-5-anos-a-la-ley-de-fitosanitarios","status":"publish","type":"post","link":"https:\/\/www.noticiasmas.com.ar\/index.php\/2024\/08\/12\/piden-informe-al-gobierno-de-la-provincia-sobre-cuantas-infracciones-se-realizaron-estos-ultimos-5-anos-a-la-ley-de-fitosanitarios\/","title":{"rendered":"PIDEN INFORME AL GOBIERNO DE LA PROVINCIA SOBRE CUANTAS INFRACCIONES SE REALIZARON ESTOS \u00daLTIMOS 5 A\u00d1OS A LA LEY DE FITOSANITARIOS"},"content":{"rendered":"\n<p>Argumentando su plante\u00f3 Del Frade \u2013 autor de la iniciativa &#8211; expuso que en Argentina se aplican alrededor de 600 millones de litros de agrot\u00f3xicos por a\u00f1o. \u201cUn porcentaje muy alto de todo ese volumen, se esparce en nuestra provincial\u201d.<\/p>\n\n\n\n<p>Los efectos nocivos por los agrot\u00f3xicos y el cuidado de los ecosistemas y del mundo de la fauna y la flora en la provincia santafesina es una tema que evidentemente sigue sin resolverse y que preocupa a vastos sectores pol\u00edticos y sociales. El tema est\u00e1 en quien produce las infracciones y qu\u00e9 control ejerce el gobierno provincial actual<\/p>\n\n\n\n<p>Al respecto, el diputado Carlos del Frade ingres\u00f3 una iniciativa en la C\u00e1mara de Diputados provincial pide al gobierno de Maximiliano Pullaro un informe sobre \u201ccu\u00e1ntas infracciones\u201d, a la ley de fitosanitarios, la 11.273 del a\u00f1o 1995, \u201cse iniciaron en los \u00faltimos cinco a\u00f1os\u201d, y adem\u00e1s se especifique \u201cqui\u00e9nes son los responsables de aplicar los alcances de esa norma\u201d.<\/p>\n\n\n\n<p>En este \u00faltimo punto Del Frade reclama se responda sobre: Cantidad de expedientes por infracci\u00f3n a la ley 11.273 -iniciados en los \u00faltimos 5 a\u00f1os- ; Art\u00edculos de la citada ley que no fueron respetados; Departamento y localidad de la provincia a los que corresponden; Estado en el que se encuentra cada caso. Personas encargadas de controlar el cumplimiento que la ley de fitosanitarios<\/p>\n\n\n\n<p>A paso seguido el legislador del Frente Amplio por la Soberan\u00eda se\u00f1al\u00f3 en tono de queja que la llamada ley de fitosanitarios, \u201ctiene una aplicaci\u00f3n irregular en el territorio provincial\u201d.<\/p>\n\n\n\n<p>Argumentando su plante\u00f3 Del Frade expuso que en Argentina se aplican alrededor de 600 millones de litros de agrot\u00f3xicos por a\u00f1o. \u201cUn porcentaje muy alto de todo ese volumen, se esparce en nuestra provincia, pulverizando diversos cultivos como, soja, ma\u00edz, trigo, algod\u00f3n, etc., como as\u00ed tambi\u00e9n las producciones en los cinturones frutihort\u00edcolas\u201d<\/p>\n\n\n\n<p>En ese aspecto: \u201cSon conocidos los m\u00faltiples impactos que ocasionan estos venenos en la salud de la poblaci\u00f3n y en los territorios, contaminando aire, suelos, aguas y alimentos\u201d, plante\u00f3 el diputado<\/p>\n\n\n\n<p>Como consecuencia, \u201cvecinas y vecinos de innumerables pueblos y ciudades (desde hace a\u00f1os) padecen el atropello del modelo de producci\u00f3n impuesto y profundizado desde hace casi tres d\u00e9cadas. Se multiplican las denuncias por fumigaciones en las cercan\u00edas de los cascos urbanos y escuelas rurales\u201d, agreg\u00f3 el legislador<\/p>\n\n\n\n<p>Ante tal contexto, Del Frade entiende que el pueblo santafesino \u201ctiene derecho a conocer, si quienes les arruinan la vida perciben alg\u00fan tipo de sanci\u00f3n\u201d.<\/p>\n\n\n\n<p>Asimismo saber, sobre los mecanismos que lleva adelante el gobierno para \u201cgarantizar una eficiente supervisi\u00f3n, y qui\u00e9nes son las personas encargadas de dicha tarea\u201d, requiri\u00f3 el diputado del Frente Amplio por la Soberan\u00eda<\/p>\n\n\n\n<p>Por \u00faltimo Del Frade indic\u00f3 que el estado santafesino \u201ctiene la obligaci\u00f3n de controlar, hacer cumplir las leyes y sancionar a quienes las violen\u201d.<\/p>\n","protected":false},"excerpt":{"rendered":"<p>Argumentando su plante\u00f3 Del Frade \u2013 autor de la iniciativa &#8211; expuso que en Argentina se aplican alrededor de 600 millones de litros de agrot\u00f3xicos por a\u00f1o. \u201cUn porcentaje muy alto de todo ese volumen, se esparce en nuestra provincial\u201d. Los efectos nocivos por los agrot\u00f3xicos y el cuidado de los ecosistemas y del mundo [&hellip;]<\/p>\n","protected":false},"author":5,"featured_media":8490,"comment_status":"closed","ping_status":"open","sticky":false,"template":"","format":"standard","meta":{"tdm_status":"","tdm_grid_status":"","footnotes":""},"categories":[14],"tags":[2807,2808,18],"class_list":{"0":"post-8489","1":"post","2":"type-post","3":"status-publish","4":"format-standard","5":"has-post-thumbnail","7":"category-provinciales","8":"tag-agrotoxicos","9":"tag-pedido-de-informe","10":"tag-santa-fe"},"_links":{"self":[{"href":"https:\/\/www.noticiasmas.com.ar\/index.php\/wp-json\/wp\/v2\/posts\/8489","targetHints":{"allow":["GET"]}}],"collection":[{"href":"https:\/\/www.noticiasmas.com.ar\/index.php\/wp-json\/wp\/v2\/posts"}],"about":[{"href":"https:\/\/www.noticiasmas.com.ar\/index.php\/wp-json\/wp\/v2\/types\/post"}],"author":[{"embeddable":true,"href":"https:\/\/www.noticiasmas.com.ar\/index.php\/wp-json\/wp\/v2\/users\/5"}],"replies":[{"embeddable":true,"href":"https:\/\/www.noticiasmas.com.ar\/index.php\/wp-json\/wp\/v2\/comments?post=8489"}],"version-history":[{"count":1,"href":"https:\/\/www.noticiasmas.com.ar\/index.php\/wp-json\/wp\/v2\/posts\/8489\/revisions"}],"predecessor-version":[{"id":8491,"href":"https:\/\/www.noticiasmas.com.ar\/index.php\/wp-json\/wp\/v2\/posts\/8489\/revisions\/8491"}],"wp:featuredmedia":[{"embeddable":true,"href":"https:\/\/www.noticiasmas.com.ar\/index.php\/wp-json\/wp\/v2\/media\/8490"}],"wp:attachment":[{"href":"https:\/\/www.noticiasmas.com.ar\/index.php\/wp-json\/wp\/v2\/media?parent=8489"}],"wp:term":[{"taxonomy":"category","embeddable":true,"href":"https:\/\/www.noticiasmas.com.ar\/index.php\/wp-json\/wp\/v2\/categories?post=8489"},{"taxonomy":"post_tag","embeddable":true,"href":"https:\/\/www.noticiasmas.com.ar\/index.php\/wp-json\/wp\/v2\/tags?post=8489"}],"curies":[{"name":"wp","href":"https:\/\/api.w.org\/{rel}","templated":true}]}}