{"id":8613,"date":"2024-08-16T07:36:00","date_gmt":"2024-08-16T10:36:00","guid":{"rendered":"https:\/\/www.noticiasmas.com.ar\/?p=8613"},"modified":"2024-08-15T23:23:11","modified_gmt":"2024-08-16T02:23:11","slug":"face-nius-numero-1","status":"publish","type":"post","link":"https:\/\/www.noticiasmas.com.ar\/index.php\/2024\/08\/16\/face-nius-numero-1\/","title":{"rendered":"Face Nius n\u00famero 1"},"content":{"rendered":"\n<p><strong><u>POSIBLE PARTIDA EN LA ORQUESTA DE VARIEDADES \u201cHORIZONTE\u201d<\/u><\/strong><\/p>\n\n\n\n<p>Las campa\u00f1as y operetas de prensa de la militante peronista Gloria de los R\u00edos, est\u00e1n dejando huellas en la citada agrupaci\u00f3n.<\/p>\n\n\n\n<p>Voces indiscretas no dudan en afirmar que la relaci\u00f3n entre la Directora y el Concejal que \u201cProtege Sue\u00f1os\u201d estar\u00eda pasando por un mal momento, a punto tal que el legislador habr\u00eda dejado su lugar como primer violinista.<\/p>\n\n\n\n<p>Hace un par de semanas largas que no aparece en los ensayos radiales, muy enojado por la incontinencia verbal de su l\u00edder.<\/p>\n\n\n\n<p>Sus asesores le habr\u00edan recomendado \u201cque se aleje un poco porque su audiencia actual est\u00e1 muy lejos de los magros 3500 votos obtenidos a\u00f1os atr\u00e1s\u201d<\/p>\n\n\n\n<p>\u201cEl Esteban\u201d estar\u00eda convencido que con el peronismo solo, no alcanza ni para empezar, \u201csin una base amplia es imposible competir\u201d.<\/p>\n\n\n\n<p>La hist\u00f3rica \u201cbanca\u201d de la militante periodista, est\u00e1 ligada al poder departamental, del que el concejal est\u00e1 lejos.<\/p>\n\n\n\n<p>\u201cVas a tocar la m\u00fasica que yo te digo\u201d estar\u00eda desafinando<\/p>\n\n\n\n<p><strong><u>UOCRA, PILLIN Y LA JUSTICIA FEDERAL<\/u><\/strong><\/p>\n\n\n\n<p>Las consecuencias del esc\u00e1ndalo Vergara-Bracamonte en la UOCRA parecen no tener fin.<\/p>\n\n\n\n<p>La balacera contra \u00e9l l\u00edder de la barra canalla el \u00faltimo fin de semana, reaviv\u00f3 un fuego que se estaba apagando.<\/p>\n\n\n\n<p>El mi\u00e9rcoles la Justicia Federal de Rosario acepto el pedido de tres fiscales del fuero para investigar a Bracamonte por varios posibles delitos vinculados a la expansi\u00f3n econ\u00f3mica del barrabrava.<\/p>\n\n\n\n<p>Esta puerta va derecho a la causa que tiene como protagonista al ex Secretario General de UOCRA Carlos Vergara y Bracamonte por las extorsiones a contratistas o constructores que eran obligados a tomar el servicio de ba\u00f1os qu\u00edmicos y viandas, que por ley deben ser brindados en las obras, a determinadas empresas.<\/p>\n\n\n\n<p>Aparte de los citados, hay preguntas que todav\u00eda no tienen respuestas.<\/p>\n\n\n\n<p>\u00bfQuienes eran los empresarios que brindaban los servicios?<\/p>\n\n\n\n<p>\u00bfQu\u00e9 empresas son las que participaban de la extorsi\u00f3n?<\/p>\n\n\n\n<p>\u00bfConoc\u00edan la forma en las que les llegaban los \u201ccontratos\u201d?<\/p>\n\n\n\n<p>\u00bfComo se pagaban los retornos, quien o quienes los buscaban y repart\u00edan?<\/p>\n\n\n\n<p>\u00bfVergara y Bracamonte eran los \u00fanicos accionistas del emprendimiento?<\/p>\n\n\n\n<p>\u00bfLos que pagaban las coimas no son tan responsables del cohecho como quienes las cobraban?<\/p>\n\n\n\n<p>La Justicia Federal tiene la palabra<\/p>\n\n\n\n<p><strong><u>EL ESCUCHADOR ESCUCHADO<\/u><\/strong><\/p>\n\n\n\n<p>En nuestra primer facenius hac\u00edamos menci\u00f3n de la posible deserci\u00f3n de uno de los integrantes principales de la \u201cOrquesta de Variedades Horizonte\u201d<\/p>\n\n\n\n<p>En los \u00faltimos d\u00edas Esteban Arico utilizo dos \u201cweb controladas\u201d para difundir en sus redes sociales, dos escuchas ilegales sin ning\u00fan valor jur\u00eddico y pol\u00edtico, que seg\u00fan su entender ser\u00edan pruebas irrefutables de la persecuci\u00f3n pol\u00edtica de la que dice ser \u201cvictima\u201d<\/p>\n\n\n\n<p>SL24 difundi\u00f3 esta semana el extracto de un audio de una nota realizada en Marzo de 2024 en la Unidad B\u00e1sica 101.1, en la que la Presidenta de la ONG \u201cVas a decir lo que yo quiero\u201d , queriendo ayudarlo lo hace reconocer su relaci\u00f3n preferencial con la ONG \u201cProtegiendo Sue\u00f1os\u201d porque all\u00ed hay gente de su \u201cconfianza\u201d .<\/p>\n\n\n\n<p>Seg\u00fan la Real Academia de Espa\u00f1ola, uno de los \u00faltimos significados agregados a la palabra <strong>confianza <\/strong>es: <strong><u>persona o grupo de personas que militan o son candidatos en listas de Candidatos a Concejales de un candidato que dice no conocerlos, m\u00e1s all\u00e1 de compartir con ellos locales pol\u00edticos, actos de campa\u00f1a, candidaturas, local en una ONG , etc.<\/u><\/strong><\/p>\n\n\n\n<p><strong><u>UN CORTE UNA QUEBRADA Y SEGUIMOS ENGANCHADOS<\/u><\/strong><\/p>\n\n\n\n<p>Una denuncia an\u00f3nima alert\u00f3 d\u00edas atr\u00e1s a las autoridades de la EPE sobre una irregularidad en la conexi\u00f3n el\u00e9ctrica, de parte de un importante comercio de la ciudad de San Lorenzo.<\/p>\n\n\n\n<p>AVI\u2026sadas las cuadrillas se apersonaron en el comercio realizaron la inspecci\u00f3n de rutina, ante su sorpresa se encontraron con una conexi\u00f3n ilegal.<\/p>\n\n\n\n<p>Solucionado el \u201cinconveniente\u201d abonaron multas y deudas y normalizaron el servicio<\/p>\n","protected":false},"excerpt":{"rendered":"<p>POSIBLE PARTIDA EN LA ORQUESTA DE VARIEDADES \u201cHORIZONTE\u201d Las campa\u00f1as y operetas de prensa de la militante peronista Gloria de los R\u00edos, est\u00e1n dejando huellas en la citada agrupaci\u00f3n. Voces indiscretas no dudan en afirmar que la relaci\u00f3n entre la Directora y el Concejal que \u201cProtege Sue\u00f1os\u201d estar\u00eda pasando por un mal momento, a punto [&hellip;]<\/p>\n","protected":false},"author":9,"featured_media":8614,"comment_status":"closed","ping_status":"open","sticky":false,"template":"","format":"standard","meta":{"tdm_status":"","tdm_grid_status":"","footnotes":""},"categories":[13],"tags":[2849,347],"class_list":{"0":"post-8613","1":"post","2":"type-post","3":"status-publish","4":"format-standard","5":"has-post-thumbnail","7":"category-region","8":"tag-face-nius","9":"tag-region"},"_links":{"self":[{"href":"https:\/\/www.noticiasmas.com.ar\/index.php\/wp-json\/wp\/v2\/posts\/8613","targetHints":{"allow":["GET"]}}],"collection":[{"href":"https:\/\/www.noticiasmas.com.ar\/index.php\/wp-json\/wp\/v2\/posts"}],"about":[{"href":"https:\/\/www.noticiasmas.com.ar\/index.php\/wp-json\/wp\/v2\/types\/post"}],"author":[{"embeddable":true,"href":"https:\/\/www.noticiasmas.com.ar\/index.php\/wp-json\/wp\/v2\/users\/9"}],"replies":[{"embeddable":true,"href":"https:\/\/www.noticiasmas.com.ar\/index.php\/wp-json\/wp\/v2\/comments?post=8613"}],"version-history":[{"count":1,"href":"https:\/\/www.noticiasmas.com.ar\/index.php\/wp-json\/wp\/v2\/posts\/8613\/revisions"}],"predecessor-version":[{"id":8615,"href":"https:\/\/www.noticiasmas.com.ar\/index.php\/wp-json\/wp\/v2\/posts\/8613\/revisions\/8615"}],"wp:featuredmedia":[{"embeddable":true,"href":"https:\/\/www.noticiasmas.com.ar\/index.php\/wp-json\/wp\/v2\/media\/8614"}],"wp:attachment":[{"href":"https:\/\/www.noticiasmas.com.ar\/index.php\/wp-json\/wp\/v2\/media?parent=8613"}],"wp:term":[{"taxonomy":"category","embeddable":true,"href":"https:\/\/www.noticiasmas.com.ar\/index.php\/wp-json\/wp\/v2\/categories?post=8613"},{"taxonomy":"post_tag","embeddable":true,"href":"https:\/\/www.noticiasmas.com.ar\/index.php\/wp-json\/wp\/v2\/tags?post=8613"}],"curies":[{"name":"wp","href":"https:\/\/api.w.org\/{rel}","templated":true}]}}