{"id":8857,"date":"2024-08-23T18:22:44","date_gmt":"2024-08-23T21:22:44","guid":{"rendered":"https:\/\/www.noticiasmas.com.ar\/?p=8857"},"modified":"2024-08-23T18:22:47","modified_gmt":"2024-08-23T21:22:47","slug":"un-mundo-de-emociones-contagio-la-7ma-edicion-del-encuentro-igualarte-del-grupo-despertar","status":"publish","type":"post","link":"https:\/\/www.noticiasmas.com.ar\/index.php\/2024\/08\/23\/un-mundo-de-emociones-contagio-la-7ma-edicion-del-encuentro-igualarte-del-grupo-despertar\/","title":{"rendered":"Un mundo de emociones contagi\u00f3 la 7ma edici\u00f3n del Encuentro Igualarte del Grupo Despertar"},"content":{"rendered":"\n<p>En el marco de un clima fervoroso y entusiasta, el Grupo Despertar de Puerto San Mart\u00edn llev\u00f3 adelante esta ma\u00f1ana en el Teatro Municipal, la s\u00e9ptima edici\u00f3n del Encuentro Igualarte, mediante el cual distintas agrupaciones de la regi\u00f3n expusieron sus dotes art\u00edsticas mediante actos de m\u00fasica y danzas preparados por los chicos y el equipo interdisciplinario.<\/p>\n\n\n\n<p>La emoci\u00f3n y las expectativas fueron muy grandes, y la alegr\u00eda de compartir y festejar este encuentro colectivo, acrecentaron el valor creativo de los chicos, esa pasi\u00f3n por expresarse que los caracteriza y su conmovedora calidez que es un sello en cada actividad que emprenden.<\/p>\n\n\n\n<p>Familia, amistad, solidaridad, compa\u00f1erismo, son valores que se expresan en cada encuentro a lo largo de los a\u00f1os que, en cada edici\u00f3n, se ve c\u00f3mo cada grupo participante potencia su nivel art\u00edstico y expresivo, proponiendo nuevas y novedosas actuaciones culturales que llenan el alma con trajes y vestimentas que le imprimieron color a cada presentaci\u00f3n.<\/p>\n\n\n\n<p>El evento cont\u00f3 con la presencia del Intendente Municipal, Carlos De Grandis, el presidente del Concejo Municipal, Juan Manuel De Grandis, los concejales Sonia Grassano, y Joana Passoni, los secretarios de Desarrollo Social, Fernando Martin Torrens, y de Educaci\u00f3n y Cultura, Sebasti\u00e1n Lezcano, alumnos de instituciones educativas invitadas a participar, y familiares.<\/p>\n\n\n\n<figure class=\"wp-block-image size-large\"><img loading=\"lazy\" decoding=\"async\" width=\"1024\" height=\"683\" src=\"https:\/\/www.noticiasmas.com.ar\/wp-content\/uploads\/2024\/08\/Igualarte-1024x683.jpg\" alt=\"\" class=\"wp-image-8858\" srcset=\"https:\/\/www.noticiasmas.com.ar\/wp-content\/uploads\/2024\/08\/Igualarte-1024x683.jpg 1024w, https:\/\/www.noticiasmas.com.ar\/wp-content\/uploads\/2024\/08\/Igualarte-300x200.jpg 300w, https:\/\/www.noticiasmas.com.ar\/wp-content\/uploads\/2024\/08\/Igualarte-768x512.jpg 768w, https:\/\/www.noticiasmas.com.ar\/wp-content\/uploads\/2024\/08\/Igualarte-150x100.jpg 150w, https:\/\/www.noticiasmas.com.ar\/wp-content\/uploads\/2024\/08\/Igualarte-696x464.jpg 696w, https:\/\/www.noticiasmas.com.ar\/wp-content\/uploads\/2024\/08\/Igualarte-1068x712.jpg 1068w, https:\/\/www.noticiasmas.com.ar\/wp-content\/uploads\/2024\/08\/Igualarte.jpg 1200w\" sizes=\"auto, (max-width: 1024px) 100vw, 1024px\" \/><\/figure>\n\n\n\n<p>La puesta en escena que permite un espacio excepcional como el Teatro Municipal, fusion\u00f3 luminarias, una pantalla que proyect\u00f3 videos, y que acompa\u00f1\u00f3 los ritmos folkl\u00f3ricos, murgueros y los carnavalitos que no faltaron.<\/p>\n\n\n\n<p>El Intendente De Grandis dio la bienvenida a las instituciones participantes y manifest\u00f3 que \u201ces un encuentro fant\u00e1stico, con un gran trabajo de todo el equipo interdisciplinario del Grupo Despertar, y es emocionante ver cada vez que este teatro se llena de estos chicos que te hacen sentir que no hay diferencias y nos ense\u00f1an d\u00eda a d\u00eda, es un orgullo muy grande\u201d. \u201cLo m\u00e1s lindo que he hecho en estos 23 a\u00f1os de gesti\u00f3n es haber estado con ellos, haberles hecho un poquito mejor la vida. Son tan feliz como ellos\u201d, manifest\u00f3 y record\u00f3 que el Teatro Municipal fue inaugurado por el Grupo Despertar en el Encuentro Provincial de Teatro.<\/p>\n\n\n\n<p>Por su parte, el presidente del Concejo Municipal, Juan Manuel De Grandis, destac\u00f3 la fiesta que representa este encuentro y el valor de convocarlos en la ciudad. \u201cNos llena el alma ver el entusiasmo de los chicos, que nos ense\u00f1an que hay que apostar a la vida y seguir siempre para adelante. Nunca me perd\u00ed ninguna edici\u00f3n, apoyando a los chicos del Grupo Despertar, y vamos a seguir cada a\u00f1o impulsando este evento\u201d, indic\u00f3. &nbsp;<\/p>\n","protected":false},"excerpt":{"rendered":"<p>En el marco de un clima fervoroso y entusiasta, el Grupo Despertar de Puerto San Mart\u00edn llev\u00f3 adelante esta ma\u00f1ana en el Teatro Municipal, la s\u00e9ptima edici\u00f3n del Encuentro Igualarte, mediante el cual distintas agrupaciones de la regi\u00f3n expusieron sus dotes art\u00edsticas mediante actos de m\u00fasica y danzas preparados por los chicos y el equipo [&hellip;]<\/p>\n","protected":false},"author":5,"featured_media":8859,"comment_status":"closed","ping_status":"open","sticky":false,"template":"","format":"standard","meta":{"tdm_status":"","tdm_grid_status":"","footnotes":""},"categories":[13],"tags":[2913,2914,2266],"class_list":{"0":"post-8857","1":"post","2":"type-post","3":"status-publish","4":"format-standard","5":"has-post-thumbnail","7":"category-region","8":"tag-grupo-despertar","9":"tag-igualarte","10":"tag-puerto-general-san-martin-2"},"_links":{"self":[{"href":"https:\/\/www.noticiasmas.com.ar\/index.php\/wp-json\/wp\/v2\/posts\/8857","targetHints":{"allow":["GET"]}}],"collection":[{"href":"https:\/\/www.noticiasmas.com.ar\/index.php\/wp-json\/wp\/v2\/posts"}],"about":[{"href":"https:\/\/www.noticiasmas.com.ar\/index.php\/wp-json\/wp\/v2\/types\/post"}],"author":[{"embeddable":true,"href":"https:\/\/www.noticiasmas.com.ar\/index.php\/wp-json\/wp\/v2\/users\/5"}],"replies":[{"embeddable":true,"href":"https:\/\/www.noticiasmas.com.ar\/index.php\/wp-json\/wp\/v2\/comments?post=8857"}],"version-history":[{"count":1,"href":"https:\/\/www.noticiasmas.com.ar\/index.php\/wp-json\/wp\/v2\/posts\/8857\/revisions"}],"predecessor-version":[{"id":8860,"href":"https:\/\/www.noticiasmas.com.ar\/index.php\/wp-json\/wp\/v2\/posts\/8857\/revisions\/8860"}],"wp:featuredmedia":[{"embeddable":true,"href":"https:\/\/www.noticiasmas.com.ar\/index.php\/wp-json\/wp\/v2\/media\/8859"}],"wp:attachment":[{"href":"https:\/\/www.noticiasmas.com.ar\/index.php\/wp-json\/wp\/v2\/media?parent=8857"}],"wp:term":[{"taxonomy":"category","embeddable":true,"href":"https:\/\/www.noticiasmas.com.ar\/index.php\/wp-json\/wp\/v2\/categories?post=8857"},{"taxonomy":"post_tag","embeddable":true,"href":"https:\/\/www.noticiasmas.com.ar\/index.php\/wp-json\/wp\/v2\/tags?post=8857"}],"curies":[{"name":"wp","href":"https:\/\/api.w.org\/{rel}","templated":true}]}}