{"id":8873,"date":"2024-08-25T20:02:57","date_gmt":"2024-08-25T23:02:57","guid":{"rendered":"https:\/\/www.noticiasmas.com.ar\/?p=8873"},"modified":"2024-08-25T20:02:59","modified_gmt":"2024-08-25T23:02:59","slug":"la-industria-sigue-su-caida-a-la-par-del-consumo-interno","status":"publish","type":"post","link":"https:\/\/www.noticiasmas.com.ar\/index.php\/2024\/08\/25\/la-industria-sigue-su-caida-a-la-par-del-consumo-interno\/","title":{"rendered":"La industria sigue su ca\u00edda a la par del consumo interno"},"content":{"rendered":"\n<p>La actividad de la industria nacional sigue su ca\u00edda sostenida y este mes de julio las cifras registraron una ca\u00edda del 17,8% interanual.<\/p>\n\n\n\n<p>Un 19%, indicaron desde la Confederaci\u00f3n Argentina de la Mediana Empresa (CAME) tuvo dificultades para pagar salarios, a la vez que la capacidad utilizada de toda la industria nacional fue del 60,6%.<\/p>\n\n\n\n<p>\u201cEs el octavo mes consecutivo en ca\u00edda, en un mercado donde los precios se han estabilizado pero la p\u00e9rdida de poder adquisitivo contin\u00faa afectando la demanda interna. Este escenario se agrava por las dificultades en el acceso al financiamiento y los altos costos operativos, lo que coloca a muchas pymes en una situaci\u00f3n dif\u00edcil y con m\u00e1rgenes de rentabilidad estrechos\u201d, indicaron desde CAME.<\/p>\n\n\n\n<p>Los seis sectores manufactureros del segmento pyme tuvieron fuertes ca\u00eddas en la comparaci\u00f3n anual, siendo los m\u00e1s afectados \u201cQu\u00edmicos y pl\u00e1sticos\u201d (-27,5%), \u201cPapel e impresiones\u201d (-26,9%) y \u201cMetal, maquinaria y equipo\u201d (-18,2%).<\/p>\n\n\n\n<p>En el acumulado del a\u00f1o, la mayor retracci\u00f3n la muestra \u201cQu\u00edmicos y pl\u00e1sticos\u201d (-26,6%), seguido por \u201cMetal, maquinaria y equipo\u201d (-21,3%) y \u201cPapel e impresiones\u201d (-21,2%).<\/p>\n\n\n\n<p>Las empresas manifiestan estar produciendo en un entorno donde la demanda insuficiente, los altos costos y las dificultades financieras se combinan para crear un escenario complicado. Los principales obst\u00e1culos que enfrentan en estos momentos tuvieron como protagonista con el 39,3% a la falta de ventas, mientras que el 37,2% se refiri\u00f3 a los altos costos de producci\u00f3n y log\u00edsticos, el 12,2% a la falta de acceso al financiamiento y otro 5,9% a los problemas de cobranza.<\/p>\n","protected":false},"excerpt":{"rendered":"<p>La actividad de la industria nacional sigue su ca\u00edda sostenida y este mes de julio las cifras registraron una ca\u00edda del 17,8% interanual. Un 19%, indicaron desde la Confederaci\u00f3n Argentina de la Mediana Empresa (CAME) tuvo dificultades para pagar salarios, a la vez que la capacidad utilizada de toda la industria nacional fue del 60,6%. [&hellip;]<\/p>\n","protected":false},"author":9,"featured_media":8874,"comment_status":"closed","ping_status":"open","sticky":false,"template":"","format":"standard","meta":{"tdm_status":"","tdm_grid_status":"","footnotes":""},"categories":[1],"tags":[423,2572,692],"class_list":{"0":"post-8873","1":"post","2":"type-post","3":"status-publish","4":"format-standard","5":"has-post-thumbnail","7":"category-nacionales","8":"tag-came","9":"tag-capacidad-instalada","10":"tag-industria"},"_links":{"self":[{"href":"https:\/\/www.noticiasmas.com.ar\/index.php\/wp-json\/wp\/v2\/posts\/8873","targetHints":{"allow":["GET"]}}],"collection":[{"href":"https:\/\/www.noticiasmas.com.ar\/index.php\/wp-json\/wp\/v2\/posts"}],"about":[{"href":"https:\/\/www.noticiasmas.com.ar\/index.php\/wp-json\/wp\/v2\/types\/post"}],"author":[{"embeddable":true,"href":"https:\/\/www.noticiasmas.com.ar\/index.php\/wp-json\/wp\/v2\/users\/9"}],"replies":[{"embeddable":true,"href":"https:\/\/www.noticiasmas.com.ar\/index.php\/wp-json\/wp\/v2\/comments?post=8873"}],"version-history":[{"count":1,"href":"https:\/\/www.noticiasmas.com.ar\/index.php\/wp-json\/wp\/v2\/posts\/8873\/revisions"}],"predecessor-version":[{"id":8875,"href":"https:\/\/www.noticiasmas.com.ar\/index.php\/wp-json\/wp\/v2\/posts\/8873\/revisions\/8875"}],"wp:featuredmedia":[{"embeddable":true,"href":"https:\/\/www.noticiasmas.com.ar\/index.php\/wp-json\/wp\/v2\/media\/8874"}],"wp:attachment":[{"href":"https:\/\/www.noticiasmas.com.ar\/index.php\/wp-json\/wp\/v2\/media?parent=8873"}],"wp:term":[{"taxonomy":"category","embeddable":true,"href":"https:\/\/www.noticiasmas.com.ar\/index.php\/wp-json\/wp\/v2\/categories?post=8873"},{"taxonomy":"post_tag","embeddable":true,"href":"https:\/\/www.noticiasmas.com.ar\/index.php\/wp-json\/wp\/v2\/tags?post=8873"}],"curies":[{"name":"wp","href":"https:\/\/api.w.org\/{rel}","templated":true}]}}