{"id":8891,"date":"2024-08-26T14:12:34","date_gmt":"2024-08-26T17:12:34","guid":{"rendered":"https:\/\/www.noticiasmas.com.ar\/?p=8891"},"modified":"2024-08-26T15:24:46","modified_gmt":"2024-08-26T18:24:46","slug":"daniel-succi-en-noticias-mas-los-trabajadores-somos-rehenes-de-una-disputa-entre-las-empresas-y-el-gobierno-nacional","status":"publish","type":"post","link":"https:\/\/www.noticiasmas.com.ar\/index.php\/2024\/08\/26\/daniel-succi-en-noticias-mas-los-trabajadores-somos-rehenes-de-una-disputa-entre-las-empresas-y-el-gobierno-nacional\/","title":{"rendered":"Daniel Succi en Noticias Mas: \u201cLos trabajadores somos rehenes de una disputa entre las empresas y el Gobierno Nacional\u201d"},"content":{"rendered":"\n<p>Daniel Succi, secretario general del Sindicato de Obreros y Empleados Aceiteros del Departamento San Lorenzo, defini\u00f3 desde su mirada la esencia del conflicto salarial que mantienen los trabajadores aceiteros con la c\u00e1mara empresaria.<\/p>\n\n\n\n<p>Pregunta: \u00bfC\u00f3mo llegamos a la situaci\u00f3n actual, despu\u00e9s de medidas de fuerza y una posterior conciliaci\u00f3n obligatoria?<\/p>\n\n\n\n<p>Daniel Succi: <strong>Es dif\u00edcil entender lo que paso, si tomamos como referencia el a\u00f1o pasado que tuvimos una gran sequ\u00eda, y pudimos llegar a un acuerdo salarial sin problemas. Hoy estamos en una situaci\u00f3n distinta, donde los puertos tienen semillas, aunque el campo retiene un porcentaje todav\u00eda, por la disputa de las retenciones y la suba del d\u00f3lar. Empezamos solicitando un 26%, llegamos a un acuerdo por el 20 % en dos veces y cuando fuimos a firmar nos ofrecen un 12 % y terminamos en la conciliaci\u00f3n obligatoria.<\/strong><\/p>\n\n\n\n<p>-De alli directo al conflicto<\/p>\n\n\n\n<p>&#8211;<strong>El conflicto no tuvo l\u00f3gica, el aumento solicitado por los trabajadores tiene una escasa incidencia financiera en los ingresos de las empresas.<\/strong><\/p>\n\n\n\n<p><strong>Estamos en un momento en que las empresas est\u00e1n pidiendo baja de retenciones y suba del d\u00f3lar.<\/strong> <strong>Las demandas empresarias son el verdadero problema, porque as\u00ed lo ha dicho Gustavo Idigoras presidente de la c\u00e1mara (CIARA).<\/strong> <strong>Los trabajadores quedamos en el medio de una disputa entre las empresas y el gobierno.<\/strong><\/p>\n\n\n\n<p><strong>Fuimos en el mes de julio sin ning\u00fan tipo de presi\u00f3n a solicitar un aumento, nos terminan ofreciendo un 12%, sin contemplar la inflaci\u00f3n de julio de un 3 %, en t\u00e9rminos reales un 9%.<\/strong><\/p>\n\n\n\n<figure class=\"wp-block-image size-large\"><img loading=\"lazy\" decoding=\"async\" width=\"1024\" height=\"445\" src=\"https:\/\/www.noticiasmas.com.ar\/wp-content\/uploads\/2024\/08\/Succinoticiasmas1-1024x445.jpeg\" alt=\"\" class=\"wp-image-8892\" srcset=\"https:\/\/www.noticiasmas.com.ar\/wp-content\/uploads\/2024\/08\/Succinoticiasmas1-1024x445.jpeg 1024w, https:\/\/www.noticiasmas.com.ar\/wp-content\/uploads\/2024\/08\/Succinoticiasmas1-300x130.jpeg 300w, https:\/\/www.noticiasmas.com.ar\/wp-content\/uploads\/2024\/08\/Succinoticiasmas1-768x334.jpeg 768w, https:\/\/www.noticiasmas.com.ar\/wp-content\/uploads\/2024\/08\/Succinoticiasmas1-150x65.jpeg 150w, https:\/\/www.noticiasmas.com.ar\/wp-content\/uploads\/2024\/08\/Succinoticiasmas1-696x302.jpeg 696w, https:\/\/www.noticiasmas.com.ar\/wp-content\/uploads\/2024\/08\/Succinoticiasmas1-1068x464.jpeg 1068w, https:\/\/www.noticiasmas.com.ar\/wp-content\/uploads\/2024\/08\/Succinoticiasmas1.jpeg 1259w\" sizes=\"auto, (max-width: 1024px) 100vw, 1024px\" \/><\/figure>\n\n\n\n<p>-\u00bfC\u00f3mo plantean la discusi\u00f3n salarial, tomando en cuenta que esta regi\u00f3n es esencial en la producci\u00f3n del pa\u00eds?<\/p>\n\n\n\n<p>&#8211;<strong>Como organizaci\u00f3n respetamos y comprendemos la l\u00f3gica de cualquier empresa que invierte. No opinamos, ni pretendemos participar de los balances o las ganancias, nuestra pretensi\u00f3n es sencilla, un sueldo digno para los trabajadores, tomando en cuenta la actividad que realizan.<\/strong><\/p>\n\n\n\n<p><strong>Como dec\u00edamos nosotros al principio en esta discusi\u00f3n, no somos el \u201cjam\u00f3n del medio\u201d, somos el \u201cqueso m\u00e1s barato\u201d.<\/strong><\/p>\n\n\n\n<p><strong>El problema es entre gobierno y empresas que no llegan a un acuerdo, nos utilizan a nosotros para ocultar los verdaderos motivos.<\/strong><\/p>\n\n\n\n<figure class=\"wp-block-image size-large\"><img loading=\"lazy\" decoding=\"async\" width=\"1024\" height=\"597\" src=\"https:\/\/www.noticiasmas.com.ar\/wp-content\/uploads\/2024\/06\/aceiterosparosenadores-1024x597.jpg\" alt=\"\" class=\"wp-image-7059\" srcset=\"https:\/\/www.noticiasmas.com.ar\/wp-content\/uploads\/2024\/06\/aceiterosparosenadores-1024x597.jpg 1024w, https:\/\/www.noticiasmas.com.ar\/wp-content\/uploads\/2024\/06\/aceiterosparosenadores-300x175.jpg 300w, https:\/\/www.noticiasmas.com.ar\/wp-content\/uploads\/2024\/06\/aceiterosparosenadores-768x448.jpg 768w, https:\/\/www.noticiasmas.com.ar\/wp-content\/uploads\/2024\/06\/aceiterosparosenadores-150x88.jpg 150w, https:\/\/www.noticiasmas.com.ar\/wp-content\/uploads\/2024\/06\/aceiterosparosenadores-696x406.jpg 696w, https:\/\/www.noticiasmas.com.ar\/wp-content\/uploads\/2024\/06\/aceiterosparosenadores-1068x623.jpg 1068w, https:\/\/www.noticiasmas.com.ar\/wp-content\/uploads\/2024\/06\/aceiterosparosenadores.jpg 1200w\" sizes=\"auto, (max-width: 1024px) 100vw, 1024px\" \/><\/figure>\n\n\n\n<p>-Tambi\u00e9n se los critic\u00f3 porque con el paro y los piquetes ustedes no permit\u00edan el normal funcionamiento del pa\u00eds<\/p>\n\n\n\n<p><strong>Aqu\u00ed se habl\u00f3 mucho por los medios, confundiendo los piquetes de Buenos Aires, en los que se corta totalmente el tr\u00e1nsito y la circulaci\u00f3n, con lo que ocurre aqu\u00ed.<\/strong><\/p>\n\n\n\n<p><strong>Nosotros no hicimos ning\u00fan piquete, simplemente est\u00e1bamos parados en la puerta de las f\u00e1bricas, de ninguna manera imped\u00edamos el ingreso de los camiones.<\/strong><\/p>\n\n\n\n<p><strong>Tal como lo dijo el propio jefe de polic\u00eda de San Lorenzo, eran las empresas las que les pidieron que pararan los camiones en la autopista o de donde vinieran porque ellos hab\u00edan cerrado las puertas.<\/strong><\/p>\n\n\n\n<p><strong>Todos sabemos que cualquiera de ellas tiene playas para mil veh\u00edculos como m\u00ednimo.<\/strong> <strong>Todo fue hecho a prop\u00f3sito por las empresas para impedir el ingreso de los camiones.<\/strong><\/p>\n\n\n\n<figure class=\"wp-block-image size-large\"><img loading=\"lazy\" decoding=\"async\" width=\"1024\" height=\"567\" src=\"https:\/\/www.noticiasmas.com.ar\/wp-content\/uploads\/2024\/08\/succinoticiasmas2-1024x567.jpeg\" alt=\"\" class=\"wp-image-8893\" srcset=\"https:\/\/www.noticiasmas.com.ar\/wp-content\/uploads\/2024\/08\/succinoticiasmas2-1024x567.jpeg 1024w, https:\/\/www.noticiasmas.com.ar\/wp-content\/uploads\/2024\/08\/succinoticiasmas2-300x166.jpeg 300w, https:\/\/www.noticiasmas.com.ar\/wp-content\/uploads\/2024\/08\/succinoticiasmas2-768x425.jpeg 768w, https:\/\/www.noticiasmas.com.ar\/wp-content\/uploads\/2024\/08\/succinoticiasmas2-150x83.jpeg 150w, https:\/\/www.noticiasmas.com.ar\/wp-content\/uploads\/2024\/08\/succinoticiasmas2-696x386.jpeg 696w, https:\/\/www.noticiasmas.com.ar\/wp-content\/uploads\/2024\/08\/succinoticiasmas2-1068x592.jpeg 1068w, https:\/\/www.noticiasmas.com.ar\/wp-content\/uploads\/2024\/08\/succinoticiasmas2.jpeg 1233w\" sizes=\"auto, (max-width: 1024px) 100vw, 1024px\" \/><\/figure>\n\n\n\n<p>-\u00bfEn qu\u00e9 punto est\u00e1 el conflicto hoy?<\/p>\n\n\n\n<p>&#8211;<strong>Hoy tenemos un ingrediente m\u00e1s, que es la conciliaci\u00f3n obligatoria.<\/strong><\/p>\n\n\n\n<p><strong>En diferentes momentos fuimos atendidos por funcionarios de menor rango de la Secretaria de Trabajo, que empezaban de cero cada charla.<\/strong><\/p>\n\n\n\n<p><strong>Nos volveremos a reunir el 29 de agosto, pero seguimos igual que en la primera reuni\u00f3n, esperamos esta semana para poder destrabar el conflicto.<\/strong><\/p>\n\n\n\n<p><strong>Nuestra posici\u00f3n es de dialogo, no de conflicto, esperamos de la parte empresaria la misma disposici\u00f3n.<\/strong><\/p>\n\n\n\n<p><strong>Nuestros salarios van a quedar dentro del nuevo r\u00e9gimen de ganancias, por lo que entendemos nuestros salarios deben cubrir como m\u00ednimo las necesidades b\u00e1sicas de una familia.<\/strong><\/p>\n\n\n\n<p><strong>Pedimos nada m\u00e1s que lo que nos corresponde<\/strong><\/p>\n\n\n\n<p><\/p>\n\n\n\n<figure class=\"wp-block-embed is-type-video is-provider-youtube wp-block-embed-youtube wp-embed-aspect-16-9 wp-has-aspect-ratio\"><div class=\"wp-block-embed__wrapper\">\n<iframe loading=\"lazy\" title=\"Entrevista Daniel Succi - Secretario General Sindicato Aceitero San Lorenzo  en Noticias Mas\" width=\"696\" height=\"392\" src=\"https:\/\/www.youtube.com\/embed\/FdREbYdlJBI?feature=oembed\" frameborder=\"0\" allow=\"accelerometer; autoplay; clipboard-write; encrypted-media; gyroscope; picture-in-picture; web-share\" referrerpolicy=\"strict-origin-when-cross-origin\" allowfullscreen><\/iframe>\n<\/div><\/figure>\n","protected":false},"excerpt":{"rendered":"<p>Daniel Succi, secretario general del Sindicato de Obreros y Empleados Aceiteros del Departamento San Lorenzo, defini\u00f3 desde su mirada la esencia del conflicto salarial que mantienen los trabajadores aceiteros con la c\u00e1mara empresaria. Pregunta: \u00bfC\u00f3mo llegamos a la situaci\u00f3n actual, despu\u00e9s de medidas de fuerza y una posterior conciliaci\u00f3n obligatoria? Daniel Succi: Es dif\u00edcil entender [&hellip;]<\/p>\n","protected":false},"author":9,"featured_media":8894,"comment_status":"closed","ping_status":"open","sticky":false,"template":"","format":"standard","meta":{"tdm_status":"","tdm_grid_status":"","footnotes":""},"categories":[13],"tags":[254,2925,2926,2218,54],"class_list":{"0":"post-8891","1":"post","2":"type-post","3":"status-publish","4":"format-standard","5":"has-post-thumbnail","7":"category-region","8":"tag-aceiteros","9":"tag-daniel-succi","10":"tag-entrevistas","11":"tag-paro-nacional","12":"tag-soea"},"_links":{"self":[{"href":"https:\/\/www.noticiasmas.com.ar\/index.php\/wp-json\/wp\/v2\/posts\/8891","targetHints":{"allow":["GET"]}}],"collection":[{"href":"https:\/\/www.noticiasmas.com.ar\/index.php\/wp-json\/wp\/v2\/posts"}],"about":[{"href":"https:\/\/www.noticiasmas.com.ar\/index.php\/wp-json\/wp\/v2\/types\/post"}],"author":[{"embeddable":true,"href":"https:\/\/www.noticiasmas.com.ar\/index.php\/wp-json\/wp\/v2\/users\/9"}],"replies":[{"embeddable":true,"href":"https:\/\/www.noticiasmas.com.ar\/index.php\/wp-json\/wp\/v2\/comments?post=8891"}],"version-history":[{"count":2,"href":"https:\/\/www.noticiasmas.com.ar\/index.php\/wp-json\/wp\/v2\/posts\/8891\/revisions"}],"predecessor-version":[{"id":8897,"href":"https:\/\/www.noticiasmas.com.ar\/index.php\/wp-json\/wp\/v2\/posts\/8891\/revisions\/8897"}],"wp:featuredmedia":[{"embeddable":true,"href":"https:\/\/www.noticiasmas.com.ar\/index.php\/wp-json\/wp\/v2\/media\/8894"}],"wp:attachment":[{"href":"https:\/\/www.noticiasmas.com.ar\/index.php\/wp-json\/wp\/v2\/media?parent=8891"}],"wp:term":[{"taxonomy":"category","embeddable":true,"href":"https:\/\/www.noticiasmas.com.ar\/index.php\/wp-json\/wp\/v2\/categories?post=8891"},{"taxonomy":"post_tag","embeddable":true,"href":"https:\/\/www.noticiasmas.com.ar\/index.php\/wp-json\/wp\/v2\/tags?post=8891"}],"curies":[{"name":"wp","href":"https:\/\/api.w.org\/{rel}","templated":true}]}}