{"id":8917,"date":"2024-08-26T21:45:06","date_gmt":"2024-08-27T00:45:06","guid":{"rendered":"https:\/\/www.noticiasmas.com.ar\/?p=8917"},"modified":"2024-08-26T21:45:09","modified_gmt":"2024-08-27T00:45:09","slug":"docentes-de-la-unr-realizan-actividades-en-distintas-facultades","status":"publish","type":"post","link":"https:\/\/www.noticiasmas.com.ar\/index.php\/2024\/08\/26\/docentes-de-la-unr-realizan-actividades-en-distintas-facultades\/","title":{"rendered":"DOCENTES DE LA UNR REALIZAN ACTIVIDADES EN DISTINTAS FACULTADES"},"content":{"rendered":"\n<p>Desde la Asociaci\u00f3n Gremial de Docentes e Investigadores de la UNR (COAD) llevaran adelante diversas actividades y reuniones en las unidades acad\u00e9micas en el marco del plan de lucha por salarios.<\/p>\n\n\n\n<p>\u201cEn distintas instancias nos encontraremos para visibilizar hacia toda la comunidad nuestras demandas, as\u00ed como tambi\u00e9n para profundizar el debate entre compa\u00f1erxs\u201d, indicaron desde el gremio universitario<\/p>\n\n\n\n<p>Asimismo agregaron: \u201cVenimos de dos semanas con importantes medidas de fuerza, llevadas adelante en unidad con lxs docentes y nodocentes de todo el pa\u00eds, as\u00ed como tambi\u00e9n coordinando actividades con el movimiento estudiantil y con lxs trabajadorxs estatales de la provincia de Santa Fe\u201d.<\/p>\n\n\n\n<p>Para COAD; la media sanci\u00f3n de la C\u00e1mara Nacional de Diputados a la Ley de Financiamiento Universitario \u201csignifica un avance y se corresponde con la lucha que sostenemos como comunidad\u201d, dijeron<\/p>\n\n\n\n<p>\u201cDebemos pujar por su aprobaci\u00f3n en el Senado de la Naci\u00f3n y rechazar cualquier intento de veto presidencial a una ley que recoge una parte importante de nuestras demandas: recomposici\u00f3n y actualizaci\u00f3n del presupuesto y de los salarios docentes y nodocentes, ampliaci\u00f3n de las becas para estudiantes y fortalecimiento del financiamiento de la investigaci\u00f3n cient\u00edfica\u201d, complet\u00f3 el gremio<\/p>\n\n\n\n<p>Agenda de actividades confirmadas de esta semana<\/p>\n\n\n\n<p>Martes<br>9:30hs. &#8211; Polit\u00e9cnico: actividad con el Centro de Estudiantes.<br>11:40hs. &#8211; Polo Educativo Puerto San Martin: reuni\u00f3n abierta de docentes.<\/p>\n\n\n\n<p>\u00a8Mi\u00e9rcoles:<br>De 9 a 14hs. &#8211; Siberia (CUR): actividad en unidad con el movimiento estudiantil.<br>13hs. &#8211; Ciencias Veterinarias (Casilda): asamblea interclaustro.<br>16hs. &#8211; Humanidades y artes: asamblea interclaustro.<\/p>\n\n\n\n<p>Jueves<br>11:30hs. &#8211; Escuela Sara Bartfeld Rietti (Gral. Lagos): actividad con docentxs y estudiantes.<\/p>\n\n\n\n<p>Viernes:<br>12:15hs. &#8211; Superior de comercio: actividad con docentes y el Centro de Estudiantes.<\/p>\n","protected":false},"excerpt":{"rendered":"<p>Desde la Asociaci\u00f3n Gremial de Docentes e Investigadores de la UNR (COAD) llevaran adelante diversas actividades y reuniones en las unidades acad\u00e9micas en el marco del plan de lucha por salarios. \u201cEn distintas instancias nos encontraremos para visibilizar hacia toda la comunidad nuestras demandas, as\u00ed como tambi\u00e9n para profundizar el debate entre compa\u00f1erxs\u201d, indicaron desde [&hellip;]<\/p>\n","protected":false},"author":5,"featured_media":8918,"comment_status":"closed","ping_status":"open","sticky":false,"template":"","format":"standard","meta":{"tdm_status":"","tdm_grid_status":"","footnotes":""},"categories":[13],"tags":[1518,2072,1988,2266,163],"class_list":{"0":"post-8917","1":"post","2":"type-post","3":"status-publish","4":"format-standard","5":"has-post-thumbnail","7":"category-region","8":"tag-casilda","9":"tag-coad","10":"tag-general-lagos","11":"tag-puerto-general-san-martin-2","12":"tag-rosario"},"_links":{"self":[{"href":"https:\/\/www.noticiasmas.com.ar\/index.php\/wp-json\/wp\/v2\/posts\/8917","targetHints":{"allow":["GET"]}}],"collection":[{"href":"https:\/\/www.noticiasmas.com.ar\/index.php\/wp-json\/wp\/v2\/posts"}],"about":[{"href":"https:\/\/www.noticiasmas.com.ar\/index.php\/wp-json\/wp\/v2\/types\/post"}],"author":[{"embeddable":true,"href":"https:\/\/www.noticiasmas.com.ar\/index.php\/wp-json\/wp\/v2\/users\/5"}],"replies":[{"embeddable":true,"href":"https:\/\/www.noticiasmas.com.ar\/index.php\/wp-json\/wp\/v2\/comments?post=8917"}],"version-history":[{"count":1,"href":"https:\/\/www.noticiasmas.com.ar\/index.php\/wp-json\/wp\/v2\/posts\/8917\/revisions"}],"predecessor-version":[{"id":8919,"href":"https:\/\/www.noticiasmas.com.ar\/index.php\/wp-json\/wp\/v2\/posts\/8917\/revisions\/8919"}],"wp:featuredmedia":[{"embeddable":true,"href":"https:\/\/www.noticiasmas.com.ar\/index.php\/wp-json\/wp\/v2\/media\/8918"}],"wp:attachment":[{"href":"https:\/\/www.noticiasmas.com.ar\/index.php\/wp-json\/wp\/v2\/media?parent=8917"}],"wp:term":[{"taxonomy":"category","embeddable":true,"href":"https:\/\/www.noticiasmas.com.ar\/index.php\/wp-json\/wp\/v2\/categories?post=8917"},{"taxonomy":"post_tag","embeddable":true,"href":"https:\/\/www.noticiasmas.com.ar\/index.php\/wp-json\/wp\/v2\/tags?post=8917"}],"curies":[{"name":"wp","href":"https:\/\/api.w.org\/{rel}","templated":true}]}}