{"id":8963,"date":"2024-08-28T14:26:01","date_gmt":"2024-08-28T17:26:01","guid":{"rendered":"https:\/\/www.noticiasmas.com.ar\/?p=8963"},"modified":"2024-08-28T14:26:03","modified_gmt":"2024-08-28T17:26:03","slug":"tormenta-de-santa-rosa-el-pronostico-para-el-cordon-industrial","status":"publish","type":"post","link":"https:\/\/www.noticiasmas.com.ar\/index.php\/2024\/08\/28\/tormenta-de-santa-rosa-el-pronostico-para-el-cordon-industrial\/","title":{"rendered":"Tormenta de Santa Rosa: el pron\u00f3stico para el Cord\u00f3n Industrial"},"content":{"rendered":"\n<p>Este viernes 30 y s\u00e1bado 31 de agosto, se espera que se registren algunas tormentas en la regi\u00f3n, en el marco del fen\u00f3meno meteorol\u00f3gico conocido como \u201cTormenta de Santa Rosa\u201d.<\/p>\n\n\n\n<p>El Servicio Meteorol\u00f3gico Nacional espera especiales lluvias de gran intensidad comenzando a partir del viernes por la ma\u00f1ana.<\/p>\n\n\n\n<p>Seg\u00fan el pron\u00f3stico, las mismas incluir\u00e1n fuertes r\u00e1fagas de vientos provenientes del sector sureste rotando hacia el sector oeste.<\/p>\n\n\n\n<p>Este factor ser\u00e1 determinante y es el que se debe tener en cuenta a la hora de planificar la jornada, ya que son altas las probabilidades de que esto ocurra de esta manera.<\/p>\n\n\n\n<p>Todo el litoral argentino con el norte de la provincia de Buenos Aires se ver\u00e1 afectado por estas intensas lluvias que tendr\u00e1n lugar este viernes, continuar\u00e1n el s\u00e1bado, y cesar\u00e1n ya el d\u00eda domingo.<\/p>\n","protected":false},"excerpt":{"rendered":"<p>Este viernes 30 y s\u00e1bado 31 de agosto, se espera que se registren algunas tormentas en la regi\u00f3n, en el marco del fen\u00f3meno meteorol\u00f3gico conocido como \u201cTormenta de Santa Rosa\u201d. El Servicio Meteorol\u00f3gico Nacional espera especiales lluvias de gran intensidad comenzando a partir del viernes por la ma\u00f1ana. Seg\u00fan el pron\u00f3stico, las mismas incluir\u00e1n fuertes [&hellip;]<\/p>\n","protected":false},"author":9,"featured_media":886,"comment_status":"closed","ping_status":"open","sticky":false,"template":"","format":"standard","meta":{"tdm_status":"","tdm_grid_status":"","footnotes":""},"categories":[13],"tags":[1893,311,1924],"class_list":{"0":"post-8963","1":"post","2":"type-post","3":"status-publish","4":"format-standard","5":"has-post-thumbnail","7":"category-region","8":"tag-pronostico","9":"tag-servicio-meteorologico-nacional","10":"tag-tormenta"},"_links":{"self":[{"href":"https:\/\/www.noticiasmas.com.ar\/index.php\/wp-json\/wp\/v2\/posts\/8963","targetHints":{"allow":["GET"]}}],"collection":[{"href":"https:\/\/www.noticiasmas.com.ar\/index.php\/wp-json\/wp\/v2\/posts"}],"about":[{"href":"https:\/\/www.noticiasmas.com.ar\/index.php\/wp-json\/wp\/v2\/types\/post"}],"author":[{"embeddable":true,"href":"https:\/\/www.noticiasmas.com.ar\/index.php\/wp-json\/wp\/v2\/users\/9"}],"replies":[{"embeddable":true,"href":"https:\/\/www.noticiasmas.com.ar\/index.php\/wp-json\/wp\/v2\/comments?post=8963"}],"version-history":[{"count":1,"href":"https:\/\/www.noticiasmas.com.ar\/index.php\/wp-json\/wp\/v2\/posts\/8963\/revisions"}],"predecessor-version":[{"id":8964,"href":"https:\/\/www.noticiasmas.com.ar\/index.php\/wp-json\/wp\/v2\/posts\/8963\/revisions\/8964"}],"wp:featuredmedia":[{"embeddable":true,"href":"https:\/\/www.noticiasmas.com.ar\/index.php\/wp-json\/wp\/v2\/media\/886"}],"wp:attachment":[{"href":"https:\/\/www.noticiasmas.com.ar\/index.php\/wp-json\/wp\/v2\/media?parent=8963"}],"wp:term":[{"taxonomy":"category","embeddable":true,"href":"https:\/\/www.noticiasmas.com.ar\/index.php\/wp-json\/wp\/v2\/categories?post=8963"},{"taxonomy":"post_tag","embeddable":true,"href":"https:\/\/www.noticiasmas.com.ar\/index.php\/wp-json\/wp\/v2\/tags?post=8963"}],"curies":[{"name":"wp","href":"https:\/\/api.w.org\/{rel}","templated":true}]}}